[{"@context":"https:\/\/schema.org\/","@type":"Blog","@id":"https:\/\/www.anna-stoehr.at#Blog","headline":"Anna-Stoehr","description":"\nSie interessieren sich f\u00fcr Werbeartikel? Und die Artikel, die sich mit PR befassen und nicht mit PRD? M\u00f6chtest du auch eines davon? Dann wenden Sie sich vertrauensvoll an unsere Website.","url":"https:\/\/www.anna-stoehr.at","hasPart":[{"@type":"Article","@id":"https:\/\/www.anna-stoehr.at\/wie-wahlt-man-den-richtigen-heizkessel\/","headline":"Wie w\u00e4hlt man den richtigen Heizkessel?","url":"https:\/\/www.anna-stoehr.at\/wie-wahlt-man-den-richtigen-heizkessel\/","datePublished":"2023-05-03","dateModified":"2023-05-03","mainEntityOfPage":"https:\/\/www.anna-stoehr.at\/wie-wahlt-man-den-richtigen-heizkessel\/","author":{"@type":"Person","@id":"https:\/\/www.anna-stoehr.at\/author\/#Person","name":"","url":"https:\/\/www.anna-stoehr.at\/author\/","identifier":1,"image":{"@type":"ImageObject","@id":"https:\/\/secure.gravatar.com\/avatar\/ed80251b84ed676fcd71ef963d220ceeed5d461f9c4be55eee40f0fa01d17ef9?s=96&d=mm&r=g","url":"https:\/\/secure.gravatar.com\/avatar\/ed80251b84ed676fcd71ef963d220ceeed5d461f9c4be55eee40f0fa01d17ef9?s=96&d=mm&r=g","height":96,"width":96}},"publisher":{"@type":"Organization","name":"anna-stoehr.at","logo":{"@type":"ImageObject","@id":"\/logo.png","url":"\/logo.png","width":600,"height":60}},"image":{"@type":"ImageObject","@id":"https:\/\/www.anna-stoehr.at\/wp-content\/uploads\/img_a370385_w4247_t1582087996.jpg","url":"https:\/\/www.anna-stoehr.at\/wp-content\/uploads\/img_a370385_w4247_t1582087996.jpg","height":0,"width":0},"wordCount":535,"keywords":null},{"@type":"Article","@id":"https:\/\/www.anna-stoehr.at\/why-choose-organic-cosmetics-and-pharmaceuticals\/","headline":"Why Choose Organic Cosmetics and Pharmaceuticals","url":"https:\/\/www.anna-stoehr.at\/why-choose-organic-cosmetics-and-pharmaceuticals\/","datePublished":"2023-05-02","dateModified":"2023-05-02","mainEntityOfPage":"https:\/\/www.anna-stoehr.at\/why-choose-organic-cosmetics-and-pharmaceuticals\/","author":{"@type":"Person","@id":"https:\/\/www.anna-stoehr.at\/author\/#Person","name":"","url":"https:\/\/www.anna-stoehr.at\/author\/","identifier":1,"image":{"@type":"ImageObject","@id":"https:\/\/secure.gravatar.com\/avatar\/ed80251b84ed676fcd71ef963d220ceeed5d461f9c4be55eee40f0fa01d17ef9?s=96&d=mm&r=g","url":"https:\/\/secure.gravatar.com\/avatar\/ed80251b84ed676fcd71ef963d220ceeed5d461f9c4be55eee40f0fa01d17ef9?s=96&d=mm&r=g","height":96,"width":96}},"publisher":{"@type":"Organization","name":"anna-stoehr.at","logo":{"@type":"ImageObject","@id":"\/logo.png","url":"\/logo.png","width":600,"height":60}},"image":{"@type":"ImageObject","@id":"https:\/\/www.anna-stoehr.at\/wp-content\/uploads\/img_a292603_w1976_t1505073215.jpg","url":"https:\/\/www.anna-stoehr.at\/wp-content\/uploads\/img_a292603_w1976_t1505073215.jpg","height":0,"width":0},"wordCount":411,"keywords":null},{"@type":"Article","@id":"https:\/\/www.anna-stoehr.at\/die-ideale-losung-fur-ihr-badsie-richten-ein\/","headline":"Die ideale L\u00f6sung f\u00fcr Ihr BadSie richten ein","url":"https:\/\/www.anna-stoehr.at\/die-ideale-losung-fur-ihr-badsie-richten-ein\/","datePublished":"2023-04-30","dateModified":"2023-04-30","mainEntityOfPage":"https:\/\/www.anna-stoehr.at\/die-ideale-losung-fur-ihr-badsie-richten-ein\/","author":{"@type":"Person","@id":"https:\/\/www.anna-stoehr.at\/author\/#Person","name":"","url":"https:\/\/www.anna-stoehr.at\/author\/","identifier":1,"image":{"@type":"ImageObject","@id":"https:\/\/secure.gravatar.com\/avatar\/ed80251b84ed676fcd71ef963d220ceeed5d461f9c4be55eee40f0fa01d17ef9?s=96&d=mm&r=g","url":"https:\/\/secure.gravatar.com\/avatar\/ed80251b84ed676fcd71ef963d220ceeed5d461f9c4be55eee40f0fa01d17ef9?s=96&d=mm&r=g","height":96,"width":96}},"publisher":{"@type":"Organization","name":"anna-stoehr.at","logo":{"@type":"ImageObject","@id":"\/logo.png","url":"\/logo.png","width":600,"height":60}},"image":{"@type":"ImageObject","@id":"https:\/\/www.anna-stoehr.at\/wp-content\/uploads\/img_a321987_w2504_t1533457936.jpg","url":"https:\/\/www.anna-stoehr.at\/wp-content\/uploads\/img_a321987_w2504_t1533457936.jpg","height":0,"width":0},"wordCount":543,"keywords":null},{"@type":"Article","@id":"https:\/\/www.anna-stoehr.at\/porque-e-que-os-automoveis-desportivos-tem-um-chassis-baixo\/","headline":"Porque \u00e9 que os autom\u00f3veis desportivos t\u00eam um chassis baixo","url":"https:\/\/www.anna-stoehr.at\/porque-e-que-os-automoveis-desportivos-tem-um-chassis-baixo\/","datePublished":"2023-04-27","dateModified":"2023-04-27","mainEntityOfPage":"https:\/\/www.anna-stoehr.at\/porque-e-que-os-automoveis-desportivos-tem-um-chassis-baixo\/","author":{"@type":"Person","@id":"https:\/\/www.anna-stoehr.at\/author\/#Person","name":"","url":"https:\/\/www.anna-stoehr.at\/author\/","identifier":1,"image":{"@type":"ImageObject","@id":"https:\/\/secure.gravatar.com\/avatar\/ed80251b84ed676fcd71ef963d220ceeed5d461f9c4be55eee40f0fa01d17ef9?s=96&d=mm&r=g","url":"https:\/\/secure.gravatar.com\/avatar\/ed80251b84ed676fcd71ef963d220ceeed5d461f9c4be55eee40f0fa01d17ef9?s=96&d=mm&r=g","height":96,"width":96}},"publisher":{"@type":"Organization","name":"anna-stoehr.at","logo":{"@type":"ImageObject","@id":"\/logo.png","url":"\/logo.png","width":600,"height":60}},"image":{"@type":"ImageObject","@id":"https:\/\/www.anna-stoehr.at\/wp-content\/uploads\/auto1_10_10_10_10_10_10_10_10_1.jpg","url":"https:\/\/www.anna-stoehr.at\/wp-content\/uploads\/auto1_10_10_10_10_10_10_10_10_1.jpg","height":0,"width":0},"wordCount":498,"keywords":null},{"@type":"Article","@id":"https:\/\/www.anna-stoehr.at\/komplexe-computerarbeit\/","headline":"Komplexe Computerarbeit","url":"https:\/\/www.anna-stoehr.at\/komplexe-computerarbeit\/","datePublished":"2023-04-23","dateModified":"2023-04-23","mainEntityOfPage":"https:\/\/www.anna-stoehr.at\/komplexe-computerarbeit\/","author":{"@type":"Person","@id":"https:\/\/www.anna-stoehr.at\/author\/#Person","name":"","url":"https:\/\/www.anna-stoehr.at\/author\/","identifier":1,"image":{"@type":"ImageObject","@id":"https:\/\/secure.gravatar.com\/avatar\/ed80251b84ed676fcd71ef963d220ceeed5d461f9c4be55eee40f0fa01d17ef9?s=96&d=mm&r=g","url":"https:\/\/secure.gravatar.com\/avatar\/ed80251b84ed676fcd71ef963d220ceeed5d461f9c4be55eee40f0fa01d17ef9?s=96&d=mm&r=g","height":96,"width":96}},"publisher":{"@type":"Organization","name":"anna-stoehr.at","logo":{"@type":"ImageObject","@id":"\/logo.png","url":"\/logo.png","width":600,"height":60}},"image":{"@type":"ImageObject","@id":"https:\/\/www.anna-stoehr.at\/wp-content\/uploads\/bed-1979270_960_720_4.jpg_1..jpg","url":"https:\/\/www.anna-stoehr.at\/wp-content\/uploads\/bed-1979270_960_720_4.jpg_1..jpg","height":0,"width":0},"wordCount":443,"keywords":null},{"@type":"Article","@id":"https:\/\/www.anna-stoehr.at\/mama-und-papa\/","headline":"Mama und Papa","url":"https:\/\/www.anna-stoehr.at\/mama-und-papa\/","datePublished":"2023-04-18","dateModified":"2023-04-18","mainEntityOfPage":"https:\/\/www.anna-stoehr.at\/mama-und-papa\/","author":{"@type":"Person","@id":"https:\/\/www.anna-stoehr.at\/author\/#Person","name":"","url":"https:\/\/www.anna-stoehr.at\/author\/","identifier":1,"image":{"@type":"ImageObject","@id":"https:\/\/secure.gravatar.com\/avatar\/ed80251b84ed676fcd71ef963d220ceeed5d461f9c4be55eee40f0fa01d17ef9?s=96&d=mm&r=g","url":"https:\/\/secure.gravatar.com\/avatar\/ed80251b84ed676fcd71ef963d220ceeed5d461f9c4be55eee40f0fa01d17ef9?s=96&d=mm&r=g","height":96,"width":96}},"publisher":{"@type":"Organization","name":"anna-stoehr.at","logo":{"@type":"ImageObject","@id":"\/logo.png","url":"\/logo.png","width":600,"height":60}},"image":{"@type":"ImageObject","@id":"https:\/\/www.anna-stoehr.at\/wp-content\/uploads\/women-7297355_960_720.jpg","url":"https:\/\/www.anna-stoehr.at\/wp-content\/uploads\/women-7297355_960_720.jpg","height":0,"width":0},"wordCount":427,"keywords":null},{"@type":"Article","@id":"https:\/\/www.anna-stoehr.at\/herbstliche-kleidung-fur-die-wohnung\/","headline":"Herbstliche Kleidung f\u00fcr die Wohnung","url":"https:\/\/www.anna-stoehr.at\/herbstliche-kleidung-fur-die-wohnung\/","datePublished":"2023-04-17","dateModified":"2023-04-17","mainEntityOfPage":"https:\/\/www.anna-stoehr.at\/herbstliche-kleidung-fur-die-wohnung\/","author":{"@type":"Person","@id":"https:\/\/www.anna-stoehr.at\/author\/#Person","name":"","url":"https:\/\/www.anna-stoehr.at\/author\/","identifier":1,"image":{"@type":"ImageObject","@id":"https:\/\/secure.gravatar.com\/avatar\/ed80251b84ed676fcd71ef963d220ceeed5d461f9c4be55eee40f0fa01d17ef9?s=96&d=mm&r=g","url":"https:\/\/secure.gravatar.com\/avatar\/ed80251b84ed676fcd71ef963d220ceeed5d461f9c4be55eee40f0fa01d17ef9?s=96&d=mm&r=g","height":96,"width":96}},"publisher":{"@type":"Organization","name":"anna-stoehr.at","logo":{"@type":"ImageObject","@id":"\/logo.png","url":"\/logo.png","width":600,"height":60}},"image":{"@type":"ImageObject","@id":"https:\/\/www.anna-stoehr.at\/wp-content\/uploads\/img_a356278_w3902_t1570909919.jpg","url":"https:\/\/www.anna-stoehr.at\/wp-content\/uploads\/img_a356278_w3902_t1570909919.jpg","height":0,"width":0},"wordCount":425,"keywords":null},{"@type":"Article","@id":"https:\/\/www.anna-stoehr.at\/cambio-de-mentalidad\/","headline":"Cambio de mentalidad","url":"https:\/\/www.anna-stoehr.at\/cambio-de-mentalidad\/","datePublished":"2023-04-16","dateModified":"2023-04-16","mainEntityOfPage":"https:\/\/www.anna-stoehr.at\/cambio-de-mentalidad\/","author":{"@type":"Person","@id":"https:\/\/www.anna-stoehr.at\/author\/#Person","name":"","url":"https:\/\/www.anna-stoehr.at\/author\/","identifier":1,"image":{"@type":"ImageObject","@id":"https:\/\/secure.gravatar.com\/avatar\/ed80251b84ed676fcd71ef963d220ceeed5d461f9c4be55eee40f0fa01d17ef9?s=96&d=mm&r=g","url":"https:\/\/secure.gravatar.com\/avatar\/ed80251b84ed676fcd71ef963d220ceeed5d461f9c4be55eee40f0fa01d17ef9?s=96&d=mm&r=g","height":96,"width":96}},"publisher":{"@type":"Organization","name":"anna-stoehr.at","logo":{"@type":"ImageObject","@id":"\/logo.png","url":"\/logo.png","width":600,"height":60}},"image":{"@type":"ImageObject","@id":"https:\/\/www.anna-stoehr.at\/wp-content\/uploads\/byt2_10_10_10_1.jpg","url":"https:\/\/www.anna-stoehr.at\/wp-content\/uploads\/byt2_10_10_10_1.jpg","height":0,"width":0},"wordCount":363,"keywords":null},{"@type":"Article","@id":"https:\/\/www.anna-stoehr.at\/uitdagingen-voor-de-diergeneeskunde\/","headline":"Uitdagingen voor de diergeneeskunde","url":"https:\/\/www.anna-stoehr.at\/uitdagingen-voor-de-diergeneeskunde\/","datePublished":"2023-04-01","dateModified":"2023-04-01","mainEntityOfPage":"https:\/\/www.anna-stoehr.at\/uitdagingen-voor-de-diergeneeskunde\/","author":{"@type":"Person","@id":"https:\/\/www.anna-stoehr.at\/author\/#Person","name":"","url":"https:\/\/www.anna-stoehr.at\/author\/","identifier":1,"image":{"@type":"ImageObject","@id":"https:\/\/secure.gravatar.com\/avatar\/ed80251b84ed676fcd71ef963d220ceeed5d461f9c4be55eee40f0fa01d17ef9?s=96&d=mm&r=g","url":"https:\/\/secure.gravatar.com\/avatar\/ed80251b84ed676fcd71ef963d220ceeed5d461f9c4be55eee40f0fa01d17ef9?s=96&d=mm&r=g","height":96,"width":96}},"publisher":{"@type":"Organization","name":"anna-stoehr.at","logo":{"@type":"ImageObject","@id":"\/logo.png","url":"\/logo.png","width":600,"height":60}},"image":null,"wordCount":30,"keywords":null},{"@type":"Article","@id":"https:\/\/www.anna-stoehr.at\/it-fachleute-mogen-seltsam-erscheinen\/","headline":"IT-Fachleute m\u00f6gen seltsam erscheinen","url":"https:\/\/www.anna-stoehr.at\/it-fachleute-mogen-seltsam-erscheinen\/","datePublished":"2023-03-20","dateModified":"2023-03-20","mainEntityOfPage":"https:\/\/www.anna-stoehr.at\/it-fachleute-mogen-seltsam-erscheinen\/","author":{"@type":"Person","@id":"https:\/\/www.anna-stoehr.at\/author\/#Person","name":"","url":"https:\/\/www.anna-stoehr.at\/author\/","identifier":1,"image":{"@type":"ImageObject","@id":"https:\/\/secure.gravatar.com\/avatar\/ed80251b84ed676fcd71ef963d220ceeed5d461f9c4be55eee40f0fa01d17ef9?s=96&d=mm&r=g","url":"https:\/\/secure.gravatar.com\/avatar\/ed80251b84ed676fcd71ef963d220ceeed5d461f9c4be55eee40f0fa01d17ef9?s=96&d=mm&r=g","height":96,"width":96}},"publisher":{"@type":"Organization","name":"anna-stoehr.at","logo":{"@type":"ImageObject","@id":"\/logo.png","url":"\/logo.png","width":600,"height":60}},"image":{"@type":"ImageObject","@id":"https:\/\/www.anna-stoehr.at\/wp-content\/uploads\/office-925806_640_4.jpg","url":"https:\/\/www.anna-stoehr.at\/wp-content\/uploads\/office-925806_640_4.jpg","height":0,"width":0},"wordCount":437,"keywords":null}]},{"@context":"https:\/\/schema.org","@type":"WebSite","@id":"https:\/\/www.anna-stoehr.at\/#website","name":"Anna-Stoehr","url":"https:\/\/www.anna-stoehr.at","potentialAction":{"@type":"SearchAction","target":"https:\/\/www.anna-stoehr.at\/?s={search_term_string}","query-input":"required name=search_term_string"}}]