[{"@context":"https:\/\/schema.org\/","@type":"Blog","@id":"https:\/\/www.anna-stoehr.at#Blog","headline":"Anna-Stoehr","description":"\nSie interessieren sich f\u00fcr Werbeartikel? Und die Artikel, die sich mit PR befassen und nicht mit PRD? M\u00f6chtest du auch eines davon? Dann wenden Sie sich vertrauensvoll an unsere Website.","url":"https:\/\/www.anna-stoehr.at","hasPart":[{"@type":"Article","@id":"https:\/\/www.anna-stoehr.at\/pocitace-zavislost\/","headline":"po\u010d\u00edta\u010de,z\u00e1vislost","url":"https:\/\/www.anna-stoehr.at\/pocitace-zavislost\/","datePublished":"2023-03-05","dateModified":"2023-03-05","mainEntityOfPage":"https:\/\/www.anna-stoehr.at\/pocitace-zavislost\/","author":{"@type":"Person","@id":"https:\/\/www.anna-stoehr.at\/author\/#Person","name":"","url":"https:\/\/www.anna-stoehr.at\/author\/","identifier":1,"image":{"@type":"ImageObject","@id":"https:\/\/secure.gravatar.com\/avatar\/ed80251b84ed676fcd71ef963d220ceeed5d461f9c4be55eee40f0fa01d17ef9?s=96&d=mm&r=g","url":"https:\/\/secure.gravatar.com\/avatar\/ed80251b84ed676fcd71ef963d220ceeed5d461f9c4be55eee40f0fa01d17ef9?s=96&d=mm&r=g","height":96,"width":96}},"publisher":{"@type":"Organization","name":"anna-stoehr.at","logo":{"@type":"ImageObject","@id":"\/logo.png","url":"\/logo.png","width":600,"height":60}},"image":{"@type":"ImageObject","@id":"https:\/\/www.anna-stoehr.at\/wp-content\/uploads\/computer-2565478_960_720_2.jpg","url":"https:\/\/www.anna-stoehr.at\/wp-content\/uploads\/computer-2565478_960_720_2.jpg","height":0,"width":0},"wordCount":512,"keywords":null},{"@type":"Article","@id":"https:\/\/www.anna-stoehr.at\/our-economy\/","headline":"Our Economy","url":"https:\/\/www.anna-stoehr.at\/our-economy\/","datePublished":"2023-03-01","dateModified":"2023-03-01","mainEntityOfPage":"https:\/\/www.anna-stoehr.at\/our-economy\/","author":{"@type":"Person","@id":"https:\/\/www.anna-stoehr.at\/author\/#Person","name":"","url":"https:\/\/www.anna-stoehr.at\/author\/","identifier":1,"image":{"@type":"ImageObject","@id":"https:\/\/secure.gravatar.com\/avatar\/ed80251b84ed676fcd71ef963d220ceeed5d461f9c4be55eee40f0fa01d17ef9?s=96&d=mm&r=g","url":"https:\/\/secure.gravatar.com\/avatar\/ed80251b84ed676fcd71ef963d220ceeed5d461f9c4be55eee40f0fa01d17ef9?s=96&d=mm&r=g","height":96,"width":96}},"publisher":{"@type":"Organization","name":"anna-stoehr.at","logo":{"@type":"ImageObject","@id":"\/logo.png","url":"\/logo.png","width":600,"height":60}},"image":{"@type":"ImageObject","@id":"https:\/\/www.anna-stoehr.at\/wp-content\/uploads\/money-3545832_1280_1.jpg","url":"https:\/\/www.anna-stoehr.at\/wp-content\/uploads\/money-3545832_1280_1.jpg","height":0,"width":0},"wordCount":406,"keywords":null},{"@type":"Article","@id":"https:\/\/www.anna-stoehr.at\/wohnen-bei-den-eltern-in-einem-haus-und-einer-wohnung\/","headline":"Wohnen bei den Eltern in einem Haus und einer Wohnung","url":"https:\/\/www.anna-stoehr.at\/wohnen-bei-den-eltern-in-einem-haus-und-einer-wohnung\/","datePublished":"2023-02-26","dateModified":"2023-02-26","mainEntityOfPage":"https:\/\/www.anna-stoehr.at\/wohnen-bei-den-eltern-in-einem-haus-und-einer-wohnung\/","author":{"@type":"Person","@id":"https:\/\/www.anna-stoehr.at\/author\/#Person","name":"","url":"https:\/\/www.anna-stoehr.at\/author\/","identifier":1,"image":{"@type":"ImageObject","@id":"https:\/\/secure.gravatar.com\/avatar\/ed80251b84ed676fcd71ef963d220ceeed5d461f9c4be55eee40f0fa01d17ef9?s=96&d=mm&r=g","url":"https:\/\/secure.gravatar.com\/avatar\/ed80251b84ed676fcd71ef963d220ceeed5d461f9c4be55eee40f0fa01d17ef9?s=96&d=mm&r=g","height":96,"width":96}},"publisher":{"@type":"Organization","name":"anna-stoehr.at","logo":{"@type":"ImageObject","@id":"\/logo.png","url":"\/logo.png","width":600,"height":60}},"image":{"@type":"ImageObject","@id":"https:\/\/www.anna-stoehr.at\/wp-content\/uploads\/architectural-2768284_640_3.jpg","url":"https:\/\/www.anna-stoehr.at\/wp-content\/uploads\/architectural-2768284_640_3.jpg","height":0,"width":0},"wordCount":495,"keywords":null},{"@type":"Article","@id":"https:\/\/www.anna-stoehr.at\/trabajar-para-una-empresa\/","headline":"Trabajar para una empresa","url":"https:\/\/www.anna-stoehr.at\/trabajar-para-una-empresa\/","datePublished":"2023-02-21","dateModified":"2023-02-21","mainEntityOfPage":"https:\/\/www.anna-stoehr.at\/trabajar-para-una-empresa\/","author":{"@type":"Person","@id":"https:\/\/www.anna-stoehr.at\/author\/#Person","name":"","url":"https:\/\/www.anna-stoehr.at\/author\/","identifier":1,"image":{"@type":"ImageObject","@id":"https:\/\/secure.gravatar.com\/avatar\/ed80251b84ed676fcd71ef963d220ceeed5d461f9c4be55eee40f0fa01d17ef9?s=96&d=mm&r=g","url":"https:\/\/secure.gravatar.com\/avatar\/ed80251b84ed676fcd71ef963d220ceeed5d461f9c4be55eee40f0fa01d17ef9?s=96&d=mm&r=g","height":96,"width":96}},"publisher":{"@type":"Organization","name":"anna-stoehr.at","logo":{"@type":"ImageObject","@id":"\/logo.png","url":"\/logo.png","width":600,"height":60}},"image":{"@type":"ImageObject","@id":"https:\/\/www.anna-stoehr.at\/wp-content\/uploads\/desk-593327_960_720_3.jpg","url":"https:\/\/www.anna-stoehr.at\/wp-content\/uploads\/desk-593327_960_720_3.jpg","height":0,"width":0},"wordCount":419,"keywords":null},{"@type":"Article","@id":"https:\/\/www.anna-stoehr.at\/technik-und-computer\/","headline":"Technik und Computer","url":"https:\/\/www.anna-stoehr.at\/technik-und-computer\/","datePublished":"2023-02-20","dateModified":"2023-02-20","mainEntityOfPage":"https:\/\/www.anna-stoehr.at\/technik-und-computer\/","author":{"@type":"Person","@id":"https:\/\/www.anna-stoehr.at\/author\/#Person","name":"","url":"https:\/\/www.anna-stoehr.at\/author\/","identifier":1,"image":{"@type":"ImageObject","@id":"https:\/\/secure.gravatar.com\/avatar\/ed80251b84ed676fcd71ef963d220ceeed5d461f9c4be55eee40f0fa01d17ef9?s=96&d=mm&r=g","url":"https:\/\/secure.gravatar.com\/avatar\/ed80251b84ed676fcd71ef963d220ceeed5d461f9c4be55eee40f0fa01d17ef9?s=96&d=mm&r=g","height":96,"width":96}},"publisher":{"@type":"Organization","name":"anna-stoehr.at","logo":{"@type":"ImageObject","@id":"\/logo.png","url":"\/logo.png","width":600,"height":60}},"image":{"@type":"ImageObject","@id":"https:\/\/www.anna-stoehr.at\/wp-content\/uploads\/startup-593326_1280.jpg","url":"https:\/\/www.anna-stoehr.at\/wp-content\/uploads\/startup-593326_1280.jpg","height":0,"width":0},"wordCount":416,"keywords":null},{"@type":"Article","@id":"https:\/\/www.anna-stoehr.at\/technik-und-computer\/","headline":"Technik und Computer","url":"https:\/\/www.anna-stoehr.at\/technik-und-computer\/","datePublished":"2023-02-20","dateModified":"2023-02-20","mainEntityOfPage":"https:\/\/www.anna-stoehr.at\/technik-und-computer\/","author":{"@type":"Person","@id":"https:\/\/www.anna-stoehr.at\/author\/#Person","name":"","url":"https:\/\/www.anna-stoehr.at\/author\/","identifier":1,"image":{"@type":"ImageObject","@id":"https:\/\/secure.gravatar.com\/avatar\/ed80251b84ed676fcd71ef963d220ceeed5d461f9c4be55eee40f0fa01d17ef9?s=96&d=mm&r=g","url":"https:\/\/secure.gravatar.com\/avatar\/ed80251b84ed676fcd71ef963d220ceeed5d461f9c4be55eee40f0fa01d17ef9?s=96&d=mm&r=g","height":96,"width":96}},"publisher":{"@type":"Organization","name":"anna-stoehr.at","logo":{"@type":"ImageObject","@id":"\/logo.png","url":"\/logo.png","width":600,"height":60}},"image":{"@type":"ImageObject","@id":"https:\/\/www.anna-stoehr.at\/wp-content\/uploads\/startup-593326_1280.jpg","url":"https:\/\/www.anna-stoehr.at\/wp-content\/uploads\/startup-593326_1280.jpg","height":0,"width":0},"wordCount":416,"keywords":null},{"@type":"Article","@id":"https:\/\/www.anna-stoehr.at\/electronic-devices-for-health\/","headline":"Electronic Devices for Health","url":"https:\/\/www.anna-stoehr.at\/electronic-devices-for-health\/","datePublished":"2023-02-06","dateModified":"2023-02-06","mainEntityOfPage":"https:\/\/www.anna-stoehr.at\/electronic-devices-for-health\/","author":{"@type":"Person","@id":"https:\/\/www.anna-stoehr.at\/author\/#Person","name":"","url":"https:\/\/www.anna-stoehr.at\/author\/","identifier":1,"image":{"@type":"ImageObject","@id":"https:\/\/secure.gravatar.com\/avatar\/ed80251b84ed676fcd71ef963d220ceeed5d461f9c4be55eee40f0fa01d17ef9?s=96&d=mm&r=g","url":"https:\/\/secure.gravatar.com\/avatar\/ed80251b84ed676fcd71ef963d220ceeed5d461f9c4be55eee40f0fa01d17ef9?s=96&d=mm&r=g","height":96,"width":96}},"publisher":{"@type":"Organization","name":"anna-stoehr.at","logo":{"@type":"ImageObject","@id":"\/logo.png","url":"\/logo.png","width":600,"height":60}},"image":{"@type":"ImageObject","@id":"https:\/\/www.anna-stoehr.at\/wp-content\/uploads\/img_a355194_w3275_t1569657540.jpg","url":"https:\/\/www.anna-stoehr.at\/wp-content\/uploads\/img_a355194_w3275_t1569657540.jpg","height":0,"width":0},"wordCount":418,"keywords":null},{"@type":"Article","@id":"https:\/\/www.anna-stoehr.at\/artilugios-de-cocina-que-no-utilizamosen\/","headline":"Artilugios de cocina que no utilizamosEn","url":"https:\/\/www.anna-stoehr.at\/artilugios-de-cocina-que-no-utilizamosen\/","datePublished":"2023-01-24","dateModified":"2023-01-24","mainEntityOfPage":"https:\/\/www.anna-stoehr.at\/artilugios-de-cocina-que-no-utilizamosen\/","author":{"@type":"Person","@id":"https:\/\/www.anna-stoehr.at\/author\/#Person","name":"","url":"https:\/\/www.anna-stoehr.at\/author\/","identifier":1,"image":{"@type":"ImageObject","@id":"https:\/\/secure.gravatar.com\/avatar\/ed80251b84ed676fcd71ef963d220ceeed5d461f9c4be55eee40f0fa01d17ef9?s=96&d=mm&r=g","url":"https:\/\/secure.gravatar.com\/avatar\/ed80251b84ed676fcd71ef963d220ceeed5d461f9c4be55eee40f0fa01d17ef9?s=96&d=mm&r=g","height":96,"width":96}},"publisher":{"@type":"Organization","name":"anna-stoehr.at","logo":{"@type":"ImageObject","@id":"\/logo.png","url":"\/logo.png","width":600,"height":60}},"image":{"@type":"ImageObject","@id":"https:\/\/www.anna-stoehr.at\/wp-content\/uploads\/img_a295772_w1704_t1507197020.jpg_1..jpg","url":"https:\/\/www.anna-stoehr.at\/wp-content\/uploads\/img_a295772_w1704_t1507197020.jpg_1..jpg","height":0,"width":0},"wordCount":675,"keywords":null},{"@type":"Article","@id":"https:\/\/www.anna-stoehr.at\/arbeiten-mit-informationstechnologie\/","headline":"Arbeiten mit Informationstechnologie","url":"https:\/\/www.anna-stoehr.at\/arbeiten-mit-informationstechnologie\/","datePublished":"2023-01-03","dateModified":"2023-01-03","mainEntityOfPage":"https:\/\/www.anna-stoehr.at\/arbeiten-mit-informationstechnologie\/","author":{"@type":"Person","@id":"https:\/\/www.anna-stoehr.at\/author\/#Person","name":"","url":"https:\/\/www.anna-stoehr.at\/author\/","identifier":1,"image":{"@type":"ImageObject","@id":"https:\/\/secure.gravatar.com\/avatar\/ed80251b84ed676fcd71ef963d220ceeed5d461f9c4be55eee40f0fa01d17ef9?s=96&d=mm&r=g","url":"https:\/\/secure.gravatar.com\/avatar\/ed80251b84ed676fcd71ef963d220ceeed5d461f9c4be55eee40f0fa01d17ef9?s=96&d=mm&r=g","height":96,"width":96}},"publisher":{"@type":"Organization","name":"anna-stoehr.at","logo":{"@type":"ImageObject","@id":"\/logo.png","url":"\/logo.png","width":600,"height":60}},"image":{"@type":"ImageObject","@id":"https:\/\/www.anna-stoehr.at\/wp-content\/uploads\/laptop-2562361_640_3.jpg","url":"https:\/\/www.anna-stoehr.at\/wp-content\/uploads\/laptop-2562361_640_3.jpg","height":0,"width":0},"wordCount":368,"keywords":null},{"@type":"Article","@id":"https:\/\/www.anna-stoehr.at\/arbeiten-mit-informationstechnologie\/","headline":"Arbeiten mit Informationstechnologie","url":"https:\/\/www.anna-stoehr.at\/arbeiten-mit-informationstechnologie\/","datePublished":"2023-01-03","dateModified":"2023-01-03","mainEntityOfPage":"https:\/\/www.anna-stoehr.at\/arbeiten-mit-informationstechnologie\/","author":{"@type":"Person","@id":"https:\/\/www.anna-stoehr.at\/author\/#Person","name":"","url":"https:\/\/www.anna-stoehr.at\/author\/","identifier":1,"image":{"@type":"ImageObject","@id":"https:\/\/secure.gravatar.com\/avatar\/ed80251b84ed676fcd71ef963d220ceeed5d461f9c4be55eee40f0fa01d17ef9?s=96&d=mm&r=g","url":"https:\/\/secure.gravatar.com\/avatar\/ed80251b84ed676fcd71ef963d220ceeed5d461f9c4be55eee40f0fa01d17ef9?s=96&d=mm&r=g","height":96,"width":96}},"publisher":{"@type":"Organization","name":"anna-stoehr.at","logo":{"@type":"ImageObject","@id":"\/logo.png","url":"\/logo.png","width":600,"height":60}},"image":{"@type":"ImageObject","@id":"https:\/\/www.anna-stoehr.at\/wp-content\/uploads\/laptop-2562361_640_3.jpg","url":"https:\/\/www.anna-stoehr.at\/wp-content\/uploads\/laptop-2562361_640_3.jpg","height":0,"width":0},"wordCount":368,"keywords":null}]},{"@context":"https:\/\/schema.org","@type":"WebSite","@id":"https:\/\/www.anna-stoehr.at\/#website","name":"Anna-Stoehr","url":"https:\/\/www.anna-stoehr.at","potentialAction":{"@type":"SearchAction","target":"https:\/\/www.anna-stoehr.at\/?s={search_term_string}","query-input":"required name=search_term_string"}}]