[{"@context":"https:\/\/schema.org\/","@type":"Blog","@id":"https:\/\/www.anna-stoehr.at#Blog","headline":"Anna-Stoehr","description":"\nSie interessieren sich f\u00fcr Werbeartikel? Und die Artikel, die sich mit PR befassen und nicht mit PRD? M\u00f6chtest du auch eines davon? Dann wenden Sie sich vertrauensvoll an unsere Website.","url":"https:\/\/www.anna-stoehr.at","hasPart":[{"@type":"Article","@id":"https:\/\/www.anna-stoehr.at\/nastroj-i-lunatykowanie\/","headline":"Nastr\u00f3j i lunatykowanie","url":"https:\/\/www.anna-stoehr.at\/nastroj-i-lunatykowanie\/","datePublished":"2022-08-30","dateModified":"2022-08-30","mainEntityOfPage":"https:\/\/www.anna-stoehr.at\/nastroj-i-lunatykowanie\/","author":{"@type":"Person","@id":"https:\/\/www.anna-stoehr.at\/author\/#Person","name":"","url":"https:\/\/www.anna-stoehr.at\/author\/","identifier":1,"image":{"@type":"ImageObject","@id":"https:\/\/secure.gravatar.com\/avatar\/ed80251b84ed676fcd71ef963d220ceeed5d461f9c4be55eee40f0fa01d17ef9?s=96&d=mm&r=g","url":"https:\/\/secure.gravatar.com\/avatar\/ed80251b84ed676fcd71ef963d220ceeed5d461f9c4be55eee40f0fa01d17ef9?s=96&d=mm&r=g","height":96,"width":96}},"publisher":{"@type":"Organization","name":"anna-stoehr.at","logo":{"@type":"ImageObject","@id":"\/logo.png","url":"\/logo.png","width":600,"height":60}},"image":{"@type":"ImageObject","@id":"https:\/\/www.anna-stoehr.at\/wp-content\/uploads\/pexels-matthardy-1533720.jpg","url":"https:\/\/www.anna-stoehr.at\/wp-content\/uploads\/pexels-matthardy-1533720.jpg","height":0,"width":0},"wordCount":422,"keywords":null},{"@type":"Article","@id":"https:\/\/www.anna-stoehr.at\/religion-is-never-boring\/","headline":"Religion is never boring","url":"https:\/\/www.anna-stoehr.at\/religion-is-never-boring\/","datePublished":"2022-08-29","dateModified":"2022-08-29","mainEntityOfPage":"https:\/\/www.anna-stoehr.at\/religion-is-never-boring\/","author":{"@type":"Person","@id":"https:\/\/www.anna-stoehr.at\/author\/#Person","name":"","url":"https:\/\/www.anna-stoehr.at\/author\/","identifier":1,"image":{"@type":"ImageObject","@id":"https:\/\/secure.gravatar.com\/avatar\/ed80251b84ed676fcd71ef963d220ceeed5d461f9c4be55eee40f0fa01d17ef9?s=96&d=mm&r=g","url":"https:\/\/secure.gravatar.com\/avatar\/ed80251b84ed676fcd71ef963d220ceeed5d461f9c4be55eee40f0fa01d17ef9?s=96&d=mm&r=g","height":96,"width":96}},"publisher":{"@type":"Organization","name":"anna-stoehr.at","logo":{"@type":"ImageObject","@id":"\/logo.png","url":"\/logo.png","width":600,"height":60}},"image":{"@type":"ImageObject","@id":"https:\/\/www.anna-stoehr.at\/wp-content\/uploads\/img_a349981_w1766_t1564907509.jpg","url":"https:\/\/www.anna-stoehr.at\/wp-content\/uploads\/img_a349981_w1766_t1564907509.jpg","height":0,"width":0},"wordCount":423,"keywords":null},{"@type":"Article","@id":"https:\/\/www.anna-stoehr.at\/the-emergence-and-spread-of-islam\/","headline":"The Emergence and Spread of Islam","url":"https:\/\/www.anna-stoehr.at\/the-emergence-and-spread-of-islam\/","datePublished":"2022-08-25","dateModified":"2022-08-25","mainEntityOfPage":"https:\/\/www.anna-stoehr.at\/the-emergence-and-spread-of-islam\/","author":{"@type":"Person","@id":"https:\/\/www.anna-stoehr.at\/author\/#Person","name":"","url":"https:\/\/www.anna-stoehr.at\/author\/","identifier":1,"image":{"@type":"ImageObject","@id":"https:\/\/secure.gravatar.com\/avatar\/ed80251b84ed676fcd71ef963d220ceeed5d461f9c4be55eee40f0fa01d17ef9?s=96&d=mm&r=g","url":"https:\/\/secure.gravatar.com\/avatar\/ed80251b84ed676fcd71ef963d220ceeed5d461f9c4be55eee40f0fa01d17ef9?s=96&d=mm&r=g","height":96,"width":96}},"publisher":{"@type":"Organization","name":"anna-stoehr.at","logo":{"@type":"ImageObject","@id":"\/logo.png","url":"\/logo.png","width":600,"height":60}},"image":{"@type":"ImageObject","@id":"https:\/\/www.anna-stoehr.at\/wp-content\/uploads\/img_a349000_w2338_t1563719311.jpg","url":"https:\/\/www.anna-stoehr.at\/wp-content\/uploads\/img_a349000_w2338_t1563719311.jpg","height":0,"width":0},"wordCount":495,"keywords":null},{"@type":"Article","@id":"https:\/\/www.anna-stoehr.at\/strona-internetowa-i-komputer\/","headline":"Strona internetowa i komputer","url":"https:\/\/www.anna-stoehr.at\/strona-internetowa-i-komputer\/","datePublished":"2022-08-24","dateModified":"2022-08-24","mainEntityOfPage":"https:\/\/www.anna-stoehr.at\/strona-internetowa-i-komputer\/","author":{"@type":"Person","@id":"https:\/\/www.anna-stoehr.at\/author\/#Person","name":"","url":"https:\/\/www.anna-stoehr.at\/author\/","identifier":1,"image":{"@type":"ImageObject","@id":"https:\/\/secure.gravatar.com\/avatar\/ed80251b84ed676fcd71ef963d220ceeed5d461f9c4be55eee40f0fa01d17ef9?s=96&d=mm&r=g","url":"https:\/\/secure.gravatar.com\/avatar\/ed80251b84ed676fcd71ef963d220ceeed5d461f9c4be55eee40f0fa01d17ef9?s=96&d=mm&r=g","height":96,"width":96}},"publisher":{"@type":"Organization","name":"anna-stoehr.at","logo":{"@type":"ImageObject","@id":"\/logo.png","url":"\/logo.png","width":600,"height":60}},"image":{"@type":"ImageObject","@id":"https:\/\/www.anna-stoehr.at\/wp-content\/uploads\/laptop-6062423_1280_3.jpg","url":"https:\/\/www.anna-stoehr.at\/wp-content\/uploads\/laptop-6062423_1280_3.jpg","height":0,"width":0},"wordCount":418,"keywords":null},{"@type":"Article","@id":"https:\/\/www.anna-stoehr.at\/el-apoyo-es-lo-mas-importante-en-el-amor\/","headline":"El apoyo es lo m\u00e1s importante en el amor","url":"https:\/\/www.anna-stoehr.at\/el-apoyo-es-lo-mas-importante-en-el-amor\/","datePublished":"2022-08-22","dateModified":"2022-08-22","mainEntityOfPage":"https:\/\/www.anna-stoehr.at\/el-apoyo-es-lo-mas-importante-en-el-amor\/","author":{"@type":"Person","@id":"https:\/\/www.anna-stoehr.at\/author\/#Person","name":"","url":"https:\/\/www.anna-stoehr.at\/author\/","identifier":1,"image":{"@type":"ImageObject","@id":"https:\/\/secure.gravatar.com\/avatar\/ed80251b84ed676fcd71ef963d220ceeed5d461f9c4be55eee40f0fa01d17ef9?s=96&d=mm&r=g","url":"https:\/\/secure.gravatar.com\/avatar\/ed80251b84ed676fcd71ef963d220ceeed5d461f9c4be55eee40f0fa01d17ef9?s=96&d=mm&r=g","height":96,"width":96}},"publisher":{"@type":"Organization","name":"anna-stoehr.at","logo":{"@type":"ImageObject","@id":"\/logo.png","url":"\/logo.png","width":600,"height":60}},"image":{"@type":"ImageObject","@id":"https:\/\/www.anna-stoehr.at\/wp-content\/uploads\/l%C3%A1ska_9.jpg","url":"https:\/\/www.anna-stoehr.at\/wp-content\/uploads\/l%C3%A1ska_9.jpg","height":0,"width":0},"wordCount":471,"keywords":null},{"@type":"Article","@id":"https:\/\/www.anna-stoehr.at\/plan-na-dokonaly-holcici-vikend\/","headline":"Pl\u00e1n na dokonal\u00fd hol\u010di\u010d\u00ed v\u00edkend","url":"https:\/\/www.anna-stoehr.at\/plan-na-dokonaly-holcici-vikend\/","datePublished":"2022-08-14","dateModified":"2022-08-14","mainEntityOfPage":"https:\/\/www.anna-stoehr.at\/plan-na-dokonaly-holcici-vikend\/","author":{"@type":"Person","@id":"https:\/\/www.anna-stoehr.at\/author\/#Person","name":"","url":"https:\/\/www.anna-stoehr.at\/author\/","identifier":1,"image":{"@type":"ImageObject","@id":"https:\/\/secure.gravatar.com\/avatar\/ed80251b84ed676fcd71ef963d220ceeed5d461f9c4be55eee40f0fa01d17ef9?s=96&d=mm&r=g","url":"https:\/\/secure.gravatar.com\/avatar\/ed80251b84ed676fcd71ef963d220ceeed5d461f9c4be55eee40f0fa01d17ef9?s=96&d=mm&r=g","height":96,"width":96}},"publisher":{"@type":"Organization","name":"anna-stoehr.at","logo":{"@type":"ImageObject","@id":"\/logo.png","url":"\/logo.png","width":600,"height":60}},"image":{"@type":"ImageObject","@id":"https:\/\/www.anna-stoehr.at\/wp-content\/uploads\/relax_5.jpg","url":"https:\/\/www.anna-stoehr.at\/wp-content\/uploads\/relax_5.jpg","height":0,"width":0},"wordCount":526,"keywords":null},{"@type":"Article","@id":"https:\/\/www.anna-stoehr.at\/geschenke-fur-weihnachten\/","headline":"Geschenke f\u00fcr Weihnachten","url":"https:\/\/www.anna-stoehr.at\/geschenke-fur-weihnachten\/","datePublished":"2022-07-16","dateModified":"2022-07-16","mainEntityOfPage":"https:\/\/www.anna-stoehr.at\/geschenke-fur-weihnachten\/","author":{"@type":"Person","@id":"https:\/\/www.anna-stoehr.at\/author\/#Person","name":"","url":"https:\/\/www.anna-stoehr.at\/author\/","identifier":1,"image":{"@type":"ImageObject","@id":"https:\/\/secure.gravatar.com\/avatar\/ed80251b84ed676fcd71ef963d220ceeed5d461f9c4be55eee40f0fa01d17ef9?s=96&d=mm&r=g","url":"https:\/\/secure.gravatar.com\/avatar\/ed80251b84ed676fcd71ef963d220ceeed5d461f9c4be55eee40f0fa01d17ef9?s=96&d=mm&r=g","height":96,"width":96}},"publisher":{"@type":"Organization","name":"anna-stoehr.at","logo":{"@type":"ImageObject","@id":"\/logo.png","url":"\/logo.png","width":600,"height":60}},"image":{"@type":"ImageObject","@id":"https:\/\/www.anna-stoehr.at\/wp-content\/uploads\/pexels-lum3n-44775-241820.jpg","url":"https:\/\/www.anna-stoehr.at\/wp-content\/uploads\/pexels-lum3n-44775-241820.jpg","height":0,"width":0},"wordCount":486,"keywords":null},{"@type":"Article","@id":"https:\/\/www.anna-stoehr.at\/without-a-computer\/","headline":"Without a computer","url":"https:\/\/www.anna-stoehr.at\/without-a-computer\/","datePublished":"2022-07-13","dateModified":"2022-07-13","mainEntityOfPage":"https:\/\/www.anna-stoehr.at\/without-a-computer\/","author":{"@type":"Person","@id":"https:\/\/www.anna-stoehr.at\/author\/#Person","name":"","url":"https:\/\/www.anna-stoehr.at\/author\/","identifier":1,"image":{"@type":"ImageObject","@id":"https:\/\/secure.gravatar.com\/avatar\/ed80251b84ed676fcd71ef963d220ceeed5d461f9c4be55eee40f0fa01d17ef9?s=96&d=mm&r=g","url":"https:\/\/secure.gravatar.com\/avatar\/ed80251b84ed676fcd71ef963d220ceeed5d461f9c4be55eee40f0fa01d17ef9?s=96&d=mm&r=g","height":96,"width":96}},"publisher":{"@type":"Organization","name":"anna-stoehr.at","logo":{"@type":"ImageObject","@id":"\/logo.png","url":"\/logo.png","width":600,"height":60}},"image":{"@type":"ImageObject","@id":"https:\/\/www.anna-stoehr.at\/wp-content\/uploads\/tv-4308537_960_720.jpg","url":"https:\/\/www.anna-stoehr.at\/wp-content\/uploads\/tv-4308537_960_720.jpg","height":0,"width":0},"wordCount":460,"keywords":null},{"@type":"Article","@id":"https:\/\/www.anna-stoehr.at\/komplexer-teurer-computer\/","headline":"Komplexer teurer Computer","url":"https:\/\/www.anna-stoehr.at\/komplexer-teurer-computer\/","datePublished":"2022-07-05","dateModified":"2022-07-05","mainEntityOfPage":"https:\/\/www.anna-stoehr.at\/komplexer-teurer-computer\/","author":{"@type":"Person","@id":"https:\/\/www.anna-stoehr.at\/author\/#Person","name":"","url":"https:\/\/www.anna-stoehr.at\/author\/","identifier":1,"image":{"@type":"ImageObject","@id":"https:\/\/secure.gravatar.com\/avatar\/ed80251b84ed676fcd71ef963d220ceeed5d461f9c4be55eee40f0fa01d17ef9?s=96&d=mm&r=g","url":"https:\/\/secure.gravatar.com\/avatar\/ed80251b84ed676fcd71ef963d220ceeed5d461f9c4be55eee40f0fa01d17ef9?s=96&d=mm&r=g","height":96,"width":96}},"publisher":{"@type":"Organization","name":"anna-stoehr.at","logo":{"@type":"ImageObject","@id":"\/logo.png","url":"\/logo.png","width":600,"height":60}},"image":{"@type":"ImageObject","@id":"https:\/\/www.anna-stoehr.at\/wp-content\/uploads\/laptop-1836990_1280_3.jpg_1..jpg","url":"https:\/\/www.anna-stoehr.at\/wp-content\/uploads\/laptop-1836990_1280_3.jpg_1..jpg","height":0,"width":0},"wordCount":491,"keywords":null},{"@type":"Article","@id":"https:\/\/www.anna-stoehr.at\/what-do-schools-around-the-world-look-like\/","headline":"What do schools around the world look like?","url":"https:\/\/www.anna-stoehr.at\/what-do-schools-around-the-world-look-like\/","datePublished":"2022-06-27","dateModified":"2022-06-27","mainEntityOfPage":"https:\/\/www.anna-stoehr.at\/what-do-schools-around-the-world-look-like\/","author":{"@type":"Person","@id":"https:\/\/www.anna-stoehr.at\/author\/#Person","name":"","url":"https:\/\/www.anna-stoehr.at\/author\/","identifier":1,"image":{"@type":"ImageObject","@id":"https:\/\/secure.gravatar.com\/avatar\/ed80251b84ed676fcd71ef963d220ceeed5d461f9c4be55eee40f0fa01d17ef9?s=96&d=mm&r=g","url":"https:\/\/secure.gravatar.com\/avatar\/ed80251b84ed676fcd71ef963d220ceeed5d461f9c4be55eee40f0fa01d17ef9?s=96&d=mm&r=g","height":96,"width":96}},"publisher":{"@type":"Organization","name":"anna-stoehr.at","logo":{"@type":"ImageObject","@id":"\/logo.png","url":"\/logo.png","width":600,"height":60}},"image":{"@type":"ImageObject","@id":"https:\/\/www.anna-stoehr.at\/wp-content\/uploads\/img_a308014_w2007_t1519153683.jpg","url":"https:\/\/www.anna-stoehr.at\/wp-content\/uploads\/img_a308014_w2007_t1519153683.jpg","height":0,"width":0},"wordCount":430,"keywords":null}]},{"@context":"https:\/\/schema.org","@type":"WebSite","@id":"https:\/\/www.anna-stoehr.at\/#website","name":"Anna-Stoehr","url":"https:\/\/www.anna-stoehr.at","potentialAction":{"@type":"SearchAction","target":"https:\/\/www.anna-stoehr.at\/?s={search_term_string}","query-input":"required name=search_term_string"}}]