[{"@context":"https:\/\/schema.org\/","@type":"Blog","@id":"https:\/\/www.anna-stoehr.at#Blog","headline":"Anna-Stoehr","description":"\nSie interessieren sich f\u00fcr Werbeartikel? Und die Artikel, die sich mit PR befassen und nicht mit PRD? M\u00f6chtest du auch eines davon? Dann wenden Sie sich vertrauensvoll an unsere Website.","url":"https:\/\/www.anna-stoehr.at","hasPart":[{"@type":"Article","@id":"https:\/\/www.anna-stoehr.at\/zamilovane-vztahy\/","headline":"Zamilovan\u00e9 vztahy","url":"https:\/\/www.anna-stoehr.at\/zamilovane-vztahy\/","datePublished":"2022-06-23","dateModified":"2022-06-23","mainEntityOfPage":"https:\/\/www.anna-stoehr.at\/zamilovane-vztahy\/","author":{"@type":"Person","@id":"https:\/\/www.anna-stoehr.at\/author\/#Person","name":"","url":"https:\/\/www.anna-stoehr.at\/author\/","identifier":1,"image":{"@type":"ImageObject","@id":"https:\/\/secure.gravatar.com\/avatar\/ed80251b84ed676fcd71ef963d220ceeed5d461f9c4be55eee40f0fa01d17ef9?s=96&d=mm&r=g","url":"https:\/\/secure.gravatar.com\/avatar\/ed80251b84ed676fcd71ef963d220ceeed5d461f9c4be55eee40f0fa01d17ef9?s=96&d=mm&r=g","height":96,"width":96}},"publisher":{"@type":"Organization","name":"anna-stoehr.at","logo":{"@type":"ImageObject","@id":"\/logo.png","url":"\/logo.png","width":600,"height":60}},"image":{"@type":"ImageObject","@id":"https:\/\/www.anna-stoehr.at\/wp-content\/uploads\/hands-269273_1280.jpg","url":"https:\/\/www.anna-stoehr.at\/wp-content\/uploads\/hands-269273_1280.jpg","height":0,"width":0},"wordCount":519,"keywords":null},{"@type":"Article","@id":"https:\/\/www.anna-stoehr.at\/wasserfall\/","headline":"Wasserfall","url":"https:\/\/www.anna-stoehr.at\/wasserfall\/","datePublished":"2022-06-03","dateModified":"2022-06-03","mainEntityOfPage":"https:\/\/www.anna-stoehr.at\/wasserfall\/","author":{"@type":"Person","@id":"https:\/\/www.anna-stoehr.at\/author\/#Person","name":"","url":"https:\/\/www.anna-stoehr.at\/author\/","identifier":1,"image":{"@type":"ImageObject","@id":"https:\/\/secure.gravatar.com\/avatar\/ed80251b84ed676fcd71ef963d220ceeed5d461f9c4be55eee40f0fa01d17ef9?s=96&d=mm&r=g","url":"https:\/\/secure.gravatar.com\/avatar\/ed80251b84ed676fcd71ef963d220ceeed5d461f9c4be55eee40f0fa01d17ef9?s=96&d=mm&r=g","height":96,"width":96}},"publisher":{"@type":"Organization","name":"anna-stoehr.at","logo":{"@type":"ImageObject","@id":"\/logo.png","url":"\/logo.png","width":600,"height":60}},"image":{"@type":"ImageObject","@id":"https:\/\/www.anna-stoehr.at\/wp-content\/uploads\/img_a371756_w4287_t1582999029.jpg_1..jpg","url":"https:\/\/www.anna-stoehr.at\/wp-content\/uploads\/img_a371756_w4287_t1582999029.jpg_1..jpg","height":0,"width":0},"wordCount":879,"keywords":null},{"@type":"Article","@id":"https:\/\/www.anna-stoehr.at\/where-to-find-handmade-products\/","headline":"Where to find handmade products","url":"https:\/\/www.anna-stoehr.at\/where-to-find-handmade-products\/","datePublished":"2022-05-29","dateModified":"2022-05-29","mainEntityOfPage":"https:\/\/www.anna-stoehr.at\/where-to-find-handmade-products\/","author":{"@type":"Person","@id":"https:\/\/www.anna-stoehr.at\/author\/#Person","name":"","url":"https:\/\/www.anna-stoehr.at\/author\/","identifier":1,"image":{"@type":"ImageObject","@id":"https:\/\/secure.gravatar.com\/avatar\/ed80251b84ed676fcd71ef963d220ceeed5d461f9c4be55eee40f0fa01d17ef9?s=96&d=mm&r=g","url":"https:\/\/secure.gravatar.com\/avatar\/ed80251b84ed676fcd71ef963d220ceeed5d461f9c4be55eee40f0fa01d17ef9?s=96&d=mm&r=g","height":96,"width":96}},"publisher":{"@type":"Organization","name":"anna-stoehr.at","logo":{"@type":"ImageObject","@id":"\/logo.png","url":"\/logo.png","width":600,"height":60}},"image":{"@type":"ImageObject","@id":"https:\/\/www.anna-stoehr.at\/wp-content\/uploads\/img_a347311_w2941_t1561548446.jpg","url":"https:\/\/www.anna-stoehr.at\/wp-content\/uploads\/img_a347311_w2941_t1561548446.jpg","height":0,"width":0},"wordCount":391,"keywords":null},{"@type":"Article","@id":"https:\/\/www.anna-stoehr.at\/what-is-appropriate-attire-for-prom\/","headline":"What is appropriate attire for prom?","url":"https:\/\/www.anna-stoehr.at\/what-is-appropriate-attire-for-prom\/","datePublished":"2022-05-08","dateModified":"2022-05-08","mainEntityOfPage":"https:\/\/www.anna-stoehr.at\/what-is-appropriate-attire-for-prom\/","author":{"@type":"Person","@id":"https:\/\/www.anna-stoehr.at\/author\/#Person","name":"","url":"https:\/\/www.anna-stoehr.at\/author\/","identifier":1,"image":{"@type":"ImageObject","@id":"https:\/\/secure.gravatar.com\/avatar\/ed80251b84ed676fcd71ef963d220ceeed5d461f9c4be55eee40f0fa01d17ef9?s=96&d=mm&r=g","url":"https:\/\/secure.gravatar.com\/avatar\/ed80251b84ed676fcd71ef963d220ceeed5d461f9c4be55eee40f0fa01d17ef9?s=96&d=mm&r=g","height":96,"width":96}},"publisher":{"@type":"Organization","name":"anna-stoehr.at","logo":{"@type":"ImageObject","@id":"\/logo.png","url":"\/logo.png","width":600,"height":60}},"image":{"@type":"ImageObject","@id":"https:\/\/www.anna-stoehr.at\/wp-content\/uploads\/img_a295827_w1891_t1507228264.jpg","url":"https:\/\/www.anna-stoehr.at\/wp-content\/uploads\/img_a295827_w1891_t1507228264.jpg","height":0,"width":0},"wordCount":453,"keywords":null},{"@type":"Article","@id":"https:\/\/www.anna-stoehr.at\/para-quem-sao-adequados-os-veiculos-electricos\/","headline":"Para quem s\u00e3o adequados os ve\u00edculos el\u00e9ctricos","url":"https:\/\/www.anna-stoehr.at\/para-quem-sao-adequados-os-veiculos-electricos\/","datePublished":"2022-05-04","dateModified":"2022-05-04","mainEntityOfPage":"https:\/\/www.anna-stoehr.at\/para-quem-sao-adequados-os-veiculos-electricos\/","author":{"@type":"Person","@id":"https:\/\/www.anna-stoehr.at\/author\/#Person","name":"","url":"https:\/\/www.anna-stoehr.at\/author\/","identifier":1,"image":{"@type":"ImageObject","@id":"https:\/\/secure.gravatar.com\/avatar\/ed80251b84ed676fcd71ef963d220ceeed5d461f9c4be55eee40f0fa01d17ef9?s=96&d=mm&r=g","url":"https:\/\/secure.gravatar.com\/avatar\/ed80251b84ed676fcd71ef963d220ceeed5d461f9c4be55eee40f0fa01d17ef9?s=96&d=mm&r=g","height":96,"width":96}},"publisher":{"@type":"Organization","name":"anna-stoehr.at","logo":{"@type":"ImageObject","@id":"\/logo.png","url":"\/logo.png","width":600,"height":60}},"image":{"@type":"ImageObject","@id":"https:\/\/www.anna-stoehr.at\/wp-content\/uploads\/auto4_10_10_10_10_10_10_10_3.jpg","url":"https:\/\/www.anna-stoehr.at\/wp-content\/uploads\/auto4_10_10_10_10_10_10_10_3.jpg","height":0,"width":0},"wordCount":495,"keywords":null},{"@type":"Article","@id":"https:\/\/www.anna-stoehr.at\/urlaub-im-wald\/","headline":"Urlaub im Wald","url":"https:\/\/www.anna-stoehr.at\/urlaub-im-wald\/","datePublished":"2022-05-02","dateModified":"2022-05-02","mainEntityOfPage":"https:\/\/www.anna-stoehr.at\/urlaub-im-wald\/","author":{"@type":"Person","@id":"https:\/\/www.anna-stoehr.at\/author\/#Person","name":"","url":"https:\/\/www.anna-stoehr.at\/author\/","identifier":1,"image":{"@type":"ImageObject","@id":"https:\/\/secure.gravatar.com\/avatar\/ed80251b84ed676fcd71ef963d220ceeed5d461f9c4be55eee40f0fa01d17ef9?s=96&d=mm&r=g","url":"https:\/\/secure.gravatar.com\/avatar\/ed80251b84ed676fcd71ef963d220ceeed5d461f9c4be55eee40f0fa01d17ef9?s=96&d=mm&r=g","height":96,"width":96}},"publisher":{"@type":"Organization","name":"anna-stoehr.at","logo":{"@type":"ImageObject","@id":"\/logo.png","url":"\/logo.png","width":600,"height":60}},"image":{"@type":"ImageObject","@id":"https:\/\/www.anna-stoehr.at\/wp-content\/uploads\/coffee-7121939_1280.jpg","url":"https:\/\/www.anna-stoehr.at\/wp-content\/uploads\/coffee-7121939_1280.jpg","height":0,"width":0},"wordCount":422,"keywords":null},{"@type":"Article","@id":"https:\/\/www.anna-stoehr.at\/ortungsgerate\/","headline":"Ortungsger\u00e4te","url":"https:\/\/www.anna-stoehr.at\/ortungsgerate\/","datePublished":"2022-04-25","dateModified":"2022-04-25","mainEntityOfPage":"https:\/\/www.anna-stoehr.at\/ortungsgerate\/","author":{"@type":"Person","@id":"https:\/\/www.anna-stoehr.at\/author\/#Person","name":"","url":"https:\/\/www.anna-stoehr.at\/author\/","identifier":1,"image":{"@type":"ImageObject","@id":"https:\/\/secure.gravatar.com\/avatar\/ed80251b84ed676fcd71ef963d220ceeed5d461f9c4be55eee40f0fa01d17ef9?s=96&d=mm&r=g","url":"https:\/\/secure.gravatar.com\/avatar\/ed80251b84ed676fcd71ef963d220ceeed5d461f9c4be55eee40f0fa01d17ef9?s=96&d=mm&r=g","height":96,"width":96}},"publisher":{"@type":"Organization","name":"anna-stoehr.at","logo":{"@type":"ImageObject","@id":"\/logo.png","url":"\/logo.png","width":600,"height":60}},"image":{"@type":"ImageObject","@id":"https:\/\/www.anna-stoehr.at\/wp-content\/uploads\/pen-4337524_1280_2.jpg","url":"https:\/\/www.anna-stoehr.at\/wp-content\/uploads\/pen-4337524_1280_2.jpg","height":0,"width":0},"wordCount":424,"keywords":null},{"@type":"Article","@id":"https:\/\/www.anna-stoehr.at\/technik-und-arbeit\/","headline":"Technik und Arbeit","url":"https:\/\/www.anna-stoehr.at\/technik-und-arbeit\/","datePublished":"2022-04-11","dateModified":"2022-04-11","mainEntityOfPage":"https:\/\/www.anna-stoehr.at\/technik-und-arbeit\/","author":{"@type":"Person","@id":"https:\/\/www.anna-stoehr.at\/author\/#Person","name":"","url":"https:\/\/www.anna-stoehr.at\/author\/","identifier":1,"image":{"@type":"ImageObject","@id":"https:\/\/secure.gravatar.com\/avatar\/ed80251b84ed676fcd71ef963d220ceeed5d461f9c4be55eee40f0fa01d17ef9?s=96&d=mm&r=g","url":"https:\/\/secure.gravatar.com\/avatar\/ed80251b84ed676fcd71ef963d220ceeed5d461f9c4be55eee40f0fa01d17ef9?s=96&d=mm&r=g","height":96,"width":96}},"publisher":{"@type":"Organization","name":"anna-stoehr.at","logo":{"@type":"ImageObject","@id":"\/logo.png","url":"\/logo.png","width":600,"height":60}},"image":{"@type":"ImageObject","@id":"https:\/\/www.anna-stoehr.at\/wp-content\/uploads\/chytdomacnost1_6.jpg","url":"https:\/\/www.anna-stoehr.at\/wp-content\/uploads\/chytdomacnost1_6.jpg","height":0,"width":0},"wordCount":425,"keywords":null},{"@type":"Article","@id":"https:\/\/www.anna-stoehr.at\/tips-on-how-to-organize-your-home-cleaning\/","headline":"Tips on how to organize your home cleaning","url":"https:\/\/www.anna-stoehr.at\/tips-on-how-to-organize-your-home-cleaning\/","datePublished":"2022-04-04","dateModified":"2022-04-04","mainEntityOfPage":"https:\/\/www.anna-stoehr.at\/tips-on-how-to-organize-your-home-cleaning\/","author":{"@type":"Person","@id":"https:\/\/www.anna-stoehr.at\/author\/#Person","name":"","url":"https:\/\/www.anna-stoehr.at\/author\/","identifier":1,"image":{"@type":"ImageObject","@id":"https:\/\/secure.gravatar.com\/avatar\/ed80251b84ed676fcd71ef963d220ceeed5d461f9c4be55eee40f0fa01d17ef9?s=96&d=mm&r=g","url":"https:\/\/secure.gravatar.com\/avatar\/ed80251b84ed676fcd71ef963d220ceeed5d461f9c4be55eee40f0fa01d17ef9?s=96&d=mm&r=g","height":96,"width":96}},"publisher":{"@type":"Organization","name":"anna-stoehr.at","logo":{"@type":"ImageObject","@id":"\/logo.png","url":"\/logo.png","width":600,"height":60}},"image":{"@type":"ImageObject","@id":"https:\/\/www.anna-stoehr.at\/wp-content\/uploads\/kytice_k_narozeninam_1.jpg","url":"https:\/\/www.anna-stoehr.at\/wp-content\/uploads\/kytice_k_narozeninam_1.jpg","height":0,"width":0},"wordCount":477,"keywords":null},{"@type":"Article","@id":"https:\/\/www.anna-stoehr.at\/prace-s-tabulkamivorlesen-und-tabulkami\/","headline":"Pr\u00e1ce s tabulkamiVorlesen und tabulkami","url":"https:\/\/www.anna-stoehr.at\/prace-s-tabulkamivorlesen-und-tabulkami\/","datePublished":"2022-03-21","dateModified":"2022-03-21","mainEntityOfPage":"https:\/\/www.anna-stoehr.at\/prace-s-tabulkamivorlesen-und-tabulkami\/","author":{"@type":"Person","@id":"https:\/\/www.anna-stoehr.at\/author\/#Person","name":"","url":"https:\/\/www.anna-stoehr.at\/author\/","identifier":1,"image":{"@type":"ImageObject","@id":"https:\/\/secure.gravatar.com\/avatar\/ed80251b84ed676fcd71ef963d220ceeed5d461f9c4be55eee40f0fa01d17ef9?s=96&d=mm&r=g","url":"https:\/\/secure.gravatar.com\/avatar\/ed80251b84ed676fcd71ef963d220ceeed5d461f9c4be55eee40f0fa01d17ef9?s=96&d=mm&r=g","height":96,"width":96}},"publisher":{"@type":"Organization","name":"anna-stoehr.at","logo":{"@type":"ImageObject","@id":"\/logo.png","url":"\/logo.png","width":600,"height":60}},"image":null,"wordCount":30,"keywords":null}]},{"@context":"https:\/\/schema.org","@type":"WebSite","@id":"https:\/\/www.anna-stoehr.at\/#website","name":"Anna-Stoehr","url":"https:\/\/www.anna-stoehr.at","potentialAction":{"@type":"SearchAction","target":"https:\/\/www.anna-stoehr.at\/?s={search_term_string}","query-input":"required name=search_term_string"}}]