[{"@context":"https:\/\/schema.org\/","@type":"Blog","@id":"https:\/\/www.anna-stoehr.at#Blog","headline":"Anna-Stoehr","description":"\nSie interessieren sich f\u00fcr Werbeartikel? Und die Artikel, die sich mit PR befassen und nicht mit PRD? M\u00f6chtest du auch eines davon? Dann wenden Sie sich vertrauensvoll an unsere Website.","url":"https:\/\/www.anna-stoehr.at","hasPart":[{"@type":"Article","@id":"https:\/\/www.anna-stoehr.at\/endlessly-marketed-lipsticks\/","headline":"Endlessly Marketed Lipsticks","url":"https:\/\/www.anna-stoehr.at\/endlessly-marketed-lipsticks\/","datePublished":"2022-01-24","dateModified":"2022-01-24","mainEntityOfPage":"https:\/\/www.anna-stoehr.at\/endlessly-marketed-lipsticks\/","author":{"@type":"Person","@id":"https:\/\/www.anna-stoehr.at\/author\/#Person","name":"","url":"https:\/\/www.anna-stoehr.at\/author\/","identifier":1,"image":{"@type":"ImageObject","@id":"https:\/\/secure.gravatar.com\/avatar\/ed80251b84ed676fcd71ef963d220ceeed5d461f9c4be55eee40f0fa01d17ef9?s=96&d=mm&r=g","url":"https:\/\/secure.gravatar.com\/avatar\/ed80251b84ed676fcd71ef963d220ceeed5d461f9c4be55eee40f0fa01d17ef9?s=96&d=mm&r=g","height":96,"width":96}},"publisher":{"@type":"Organization","name":"anna-stoehr.at","logo":{"@type":"ImageObject","@id":"\/logo.png","url":"\/logo.png","width":600,"height":60}},"image":{"@type":"ImageObject","@id":"https:\/\/www.anna-stoehr.at\/wp-content\/uploads\/img_a316069_w1762_t1527019699.jpg","url":"https:\/\/www.anna-stoehr.at\/wp-content\/uploads\/img_a316069_w1762_t1527019699.jpg","height":0,"width":0},"wordCount":771,"keywords":null},{"@type":"Article","@id":"https:\/\/www.anna-stoehr.at\/a-beleza-esta-em-todo-o-lado\/","headline":"A beleza est\u00e1 em todo o lado","url":"https:\/\/www.anna-stoehr.at\/a-beleza-esta-em-todo-o-lado\/","datePublished":"2022-01-18","dateModified":"2022-01-18","mainEntityOfPage":"https:\/\/www.anna-stoehr.at\/a-beleza-esta-em-todo-o-lado\/","author":{"@type":"Person","@id":"https:\/\/www.anna-stoehr.at\/author\/#Person","name":"","url":"https:\/\/www.anna-stoehr.at\/author\/","identifier":1,"image":{"@type":"ImageObject","@id":"https:\/\/secure.gravatar.com\/avatar\/ed80251b84ed676fcd71ef963d220ceeed5d461f9c4be55eee40f0fa01d17ef9?s=96&d=mm&r=g","url":"https:\/\/secure.gravatar.com\/avatar\/ed80251b84ed676fcd71ef963d220ceeed5d461f9c4be55eee40f0fa01d17ef9?s=96&d=mm&r=g","height":96,"width":96}},"publisher":{"@type":"Organization","name":"anna-stoehr.at","logo":{"@type":"ImageObject","@id":"\/logo.png","url":"\/logo.png","width":600,"height":60}},"image":{"@type":"ImageObject","@id":"https:\/\/www.anna-stoehr.at\/wp-content\/uploads\/roses-1566792_1280.jpg","url":"https:\/\/www.anna-stoehr.at\/wp-content\/uploads\/roses-1566792_1280.jpg","height":0,"width":0},"wordCount":444,"keywords":null},{"@type":"Article","@id":"https:\/\/www.anna-stoehr.at\/mastne-vlasy-bez-vesledky\/","headline":"Mastn\u00e9 vlasy bez v\u011bsledk\u00fd","url":"https:\/\/www.anna-stoehr.at\/mastne-vlasy-bez-vesledky\/","datePublished":"2021-12-25","dateModified":"2021-12-25","mainEntityOfPage":"https:\/\/www.anna-stoehr.at\/mastne-vlasy-bez-vesledky\/","author":{"@type":"Person","@id":"https:\/\/www.anna-stoehr.at\/author\/#Person","name":"","url":"https:\/\/www.anna-stoehr.at\/author\/","identifier":1,"image":{"@type":"ImageObject","@id":"https:\/\/secure.gravatar.com\/avatar\/ed80251b84ed676fcd71ef963d220ceeed5d461f9c4be55eee40f0fa01d17ef9?s=96&d=mm&r=g","url":"https:\/\/secure.gravatar.com\/avatar\/ed80251b84ed676fcd71ef963d220ceeed5d461f9c4be55eee40f0fa01d17ef9?s=96&d=mm&r=g","height":96,"width":96}},"publisher":{"@type":"Organization","name":"anna-stoehr.at","logo":{"@type":"ImageObject","@id":"\/logo.png","url":"\/logo.png","width":600,"height":60}},"image":{"@type":"ImageObject","@id":"https:\/\/www.anna-stoehr.at\/wp-content\/uploads\/%C5%BEena_10_5.jpg","url":"https:\/\/www.anna-stoehr.at\/wp-content\/uploads\/%C5%BEena_10_5.jpg","height":0,"width":0},"wordCount":505,"keywords":null},{"@type":"Article","@id":"https:\/\/www.anna-stoehr.at\/informationswissen\/","headline":"Informationswissen","url":"https:\/\/www.anna-stoehr.at\/informationswissen\/","datePublished":"2021-12-25","dateModified":"2021-12-25","mainEntityOfPage":"https:\/\/www.anna-stoehr.at\/informationswissen\/","author":{"@type":"Person","@id":"https:\/\/www.anna-stoehr.at\/author\/#Person","name":"","url":"https:\/\/www.anna-stoehr.at\/author\/","identifier":1,"image":{"@type":"ImageObject","@id":"https:\/\/secure.gravatar.com\/avatar\/ed80251b84ed676fcd71ef963d220ceeed5d461f9c4be55eee40f0fa01d17ef9?s=96&d=mm&r=g","url":"https:\/\/secure.gravatar.com\/avatar\/ed80251b84ed676fcd71ef963d220ceeed5d461f9c4be55eee40f0fa01d17ef9?s=96&d=mm&r=g","height":96,"width":96}},"publisher":{"@type":"Organization","name":"anna-stoehr.at","logo":{"@type":"ImageObject","@id":"\/logo.png","url":"\/logo.png","width":600,"height":60}},"image":{"@type":"ImageObject","@id":"https:\/\/www.anna-stoehr.at\/wp-content\/uploads\/digital-marketing-5816304_1280.jpg","url":"https:\/\/www.anna-stoehr.at\/wp-content\/uploads\/digital-marketing-5816304_1280.jpg","height":0,"width":0},"wordCount":352,"keywords":null},{"@type":"Article","@id":"https:\/\/www.anna-stoehr.at\/active-women-but-at-the-same-time-fragile\/","headline":"Active women, but at the same time fragile.","url":"https:\/\/www.anna-stoehr.at\/active-women-but-at-the-same-time-fragile\/","datePublished":"2021-12-22","dateModified":"2021-12-22","mainEntityOfPage":"https:\/\/www.anna-stoehr.at\/active-women-but-at-the-same-time-fragile\/","author":{"@type":"Person","@id":"https:\/\/www.anna-stoehr.at\/author\/#Person","name":"","url":"https:\/\/www.anna-stoehr.at\/author\/","identifier":1,"image":{"@type":"ImageObject","@id":"https:\/\/secure.gravatar.com\/avatar\/ed80251b84ed676fcd71ef963d220ceeed5d461f9c4be55eee40f0fa01d17ef9?s=96&d=mm&r=g","url":"https:\/\/secure.gravatar.com\/avatar\/ed80251b84ed676fcd71ef963d220ceeed5d461f9c4be55eee40f0fa01d17ef9?s=96&d=mm&r=g","height":96,"width":96}},"publisher":{"@type":"Organization","name":"anna-stoehr.at","logo":{"@type":"ImageObject","@id":"\/logo.png","url":"\/logo.png","width":600,"height":60}},"image":{"@type":"ImageObject","@id":"https:\/\/www.anna-stoehr.at\/wp-content\/uploads\/woman-gf1560e4ae_640.jpg","url":"https:\/\/www.anna-stoehr.at\/wp-content\/uploads\/woman-gf1560e4ae_640.jpg","height":0,"width":0},"wordCount":434,"keywords":null},{"@type":"Article","@id":"https:\/\/www.anna-stoehr.at\/o-papel-do-estado-nos-cuidados-de-saude-mental\/","headline":"O papel do Estado nos cuidados de sa\u00fade mental","url":"https:\/\/www.anna-stoehr.at\/o-papel-do-estado-nos-cuidados-de-saude-mental\/","datePublished":"2021-12-16","dateModified":"2021-12-16","mainEntityOfPage":"https:\/\/www.anna-stoehr.at\/o-papel-do-estado-nos-cuidados-de-saude-mental\/","author":{"@type":"Person","@id":"https:\/\/www.anna-stoehr.at\/author\/#Person","name":"","url":"https:\/\/www.anna-stoehr.at\/author\/","identifier":1,"image":{"@type":"ImageObject","@id":"https:\/\/secure.gravatar.com\/avatar\/ed80251b84ed676fcd71ef963d220ceeed5d461f9c4be55eee40f0fa01d17ef9?s=96&d=mm&r=g","url":"https:\/\/secure.gravatar.com\/avatar\/ed80251b84ed676fcd71ef963d220ceeed5d461f9c4be55eee40f0fa01d17ef9?s=96&d=mm&r=g","height":96,"width":96}},"publisher":{"@type":"Organization","name":"anna-stoehr.at","logo":{"@type":"ImageObject","@id":"\/logo.png","url":"\/logo.png","width":600,"height":60}},"image":{"@type":"ImageObject","@id":"https:\/\/www.anna-stoehr.at\/wp-content\/uploads\/sydney-sims-fZ2hMpHIrbI-unsplash.jpg","url":"https:\/\/www.anna-stoehr.at\/wp-content\/uploads\/sydney-sims-fZ2hMpHIrbI-unsplash.jpg","height":0,"width":0},"wordCount":556,"keywords":null},{"@type":"Article","@id":"https:\/\/www.anna-stoehr.at\/wooncomfort\/","headline":"wooncomfort","url":"https:\/\/www.anna-stoehr.at\/wooncomfort\/","datePublished":"2021-12-14","dateModified":"2021-12-14","mainEntityOfPage":"https:\/\/www.anna-stoehr.at\/wooncomfort\/","author":{"@type":"Person","@id":"https:\/\/www.anna-stoehr.at\/author\/#Person","name":"","url":"https:\/\/www.anna-stoehr.at\/author\/","identifier":1,"image":{"@type":"ImageObject","@id":"https:\/\/secure.gravatar.com\/avatar\/ed80251b84ed676fcd71ef963d220ceeed5d461f9c4be55eee40f0fa01d17ef9?s=96&d=mm&r=g","url":"https:\/\/secure.gravatar.com\/avatar\/ed80251b84ed676fcd71ef963d220ceeed5d461f9c4be55eee40f0fa01d17ef9?s=96&d=mm&r=g","height":96,"width":96}},"publisher":{"@type":"Organization","name":"anna-stoehr.at","logo":{"@type":"ImageObject","@id":"\/logo.png","url":"\/logo.png","width":600,"height":60}},"image":{"@type":"ImageObject","@id":"https:\/\/www.anna-stoehr.at\/wp-content\/uploads\/hdr-2244067_640.jpg","url":"https:\/\/www.anna-stoehr.at\/wp-content\/uploads\/hdr-2244067_640.jpg","height":0,"width":0},"wordCount":547,"keywords":null},{"@type":"Article","@id":"https:\/\/www.anna-stoehr.at\/water-sports-are-fun-and-attractive\/","headline":"Water Sports are Fun and Attractive","url":"https:\/\/www.anna-stoehr.at\/water-sports-are-fun-and-attractive\/","datePublished":"2021-12-11","dateModified":"2021-12-11","mainEntityOfPage":"https:\/\/www.anna-stoehr.at\/water-sports-are-fun-and-attractive\/","author":{"@type":"Person","@id":"https:\/\/www.anna-stoehr.at\/author\/#Person","name":"","url":"https:\/\/www.anna-stoehr.at\/author\/","identifier":1,"image":{"@type":"ImageObject","@id":"https:\/\/secure.gravatar.com\/avatar\/ed80251b84ed676fcd71ef963d220ceeed5d461f9c4be55eee40f0fa01d17ef9?s=96&d=mm&r=g","url":"https:\/\/secure.gravatar.com\/avatar\/ed80251b84ed676fcd71ef963d220ceeed5d461f9c4be55eee40f0fa01d17ef9?s=96&d=mm&r=g","height":96,"width":96}},"publisher":{"@type":"Organization","name":"anna-stoehr.at","logo":{"@type":"ImageObject","@id":"\/logo.png","url":"\/logo.png","width":600,"height":60}},"image":{"@type":"ImageObject","@id":"https:\/\/www.anna-stoehr.at\/wp-content\/uploads\/pexels-photo-261403_2.jpeg","url":"https:\/\/www.anna-stoehr.at\/wp-content\/uploads\/pexels-photo-261403_2.jpeg","height":0,"width":0},"wordCount":391,"keywords":null},{"@type":"Article","@id":"https:\/\/www.anna-stoehr.at\/manchmal-sind-beziehungen-traurig\/","headline":"Manchmal sind Beziehungen traurig","url":"https:\/\/www.anna-stoehr.at\/manchmal-sind-beziehungen-traurig\/","datePublished":"2021-12-04","dateModified":"2021-12-04","mainEntityOfPage":"https:\/\/www.anna-stoehr.at\/manchmal-sind-beziehungen-traurig\/","author":{"@type":"Person","@id":"https:\/\/www.anna-stoehr.at\/author\/#Person","name":"","url":"https:\/\/www.anna-stoehr.at\/author\/","identifier":1,"image":{"@type":"ImageObject","@id":"https:\/\/secure.gravatar.com\/avatar\/ed80251b84ed676fcd71ef963d220ceeed5d461f9c4be55eee40f0fa01d17ef9?s=96&d=mm&r=g","url":"https:\/\/secure.gravatar.com\/avatar\/ed80251b84ed676fcd71ef963d220ceeed5d461f9c4be55eee40f0fa01d17ef9?s=96&d=mm&r=g","height":96,"width":96}},"publisher":{"@type":"Organization","name":"anna-stoehr.at","logo":{"@type":"ImageObject","@id":"\/logo.png","url":"\/logo.png","width":600,"height":60}},"image":{"@type":"ImageObject","@id":"https:\/\/www.anna-stoehr.at\/wp-content\/uploads\/love-3187623_1280_1.jpg","url":"https:\/\/www.anna-stoehr.at\/wp-content\/uploads\/love-3187623_1280_1.jpg","height":0,"width":0},"wordCount":338,"keywords":null},{"@type":"Article","@id":"https:\/\/www.anna-stoehr.at\/neue-trends-machen-jede-frau-schon\/","headline":"Neue Trends machen jede Frau sch\u00f6n","url":"https:\/\/www.anna-stoehr.at\/neue-trends-machen-jede-frau-schon\/","datePublished":"2021-11-26","dateModified":"2021-11-26","mainEntityOfPage":"https:\/\/www.anna-stoehr.at\/neue-trends-machen-jede-frau-schon\/","author":{"@type":"Person","@id":"https:\/\/www.anna-stoehr.at\/author\/#Person","name":"","url":"https:\/\/www.anna-stoehr.at\/author\/","identifier":1,"image":{"@type":"ImageObject","@id":"https:\/\/secure.gravatar.com\/avatar\/ed80251b84ed676fcd71ef963d220ceeed5d461f9c4be55eee40f0fa01d17ef9?s=96&d=mm&r=g","url":"https:\/\/secure.gravatar.com\/avatar\/ed80251b84ed676fcd71ef963d220ceeed5d461f9c4be55eee40f0fa01d17ef9?s=96&d=mm&r=g","height":96,"width":96}},"publisher":{"@type":"Organization","name":"anna-stoehr.at","logo":{"@type":"ImageObject","@id":"\/logo.png","url":"\/logo.png","width":600,"height":60}},"image":{"@type":"ImageObject","@id":"https:\/\/www.anna-stoehr.at\/wp-content\/uploads\/img_a320253_w2519_t1531505534.jpg","url":"https:\/\/www.anna-stoehr.at\/wp-content\/uploads\/img_a320253_w2519_t1531505534.jpg","height":0,"width":0},"wordCount":546,"keywords":null}]},{"@context":"https:\/\/schema.org","@type":"WebSite","@id":"https:\/\/www.anna-stoehr.at\/#website","name":"Anna-Stoehr","url":"https:\/\/www.anna-stoehr.at","potentialAction":{"@type":"SearchAction","target":"https:\/\/www.anna-stoehr.at\/?s={search_term_string}","query-input":"required name=search_term_string"}}]