[{"@context":"https:\/\/schema.org\/","@type":"Blog","@id":"https:\/\/www.anna-stoehr.at#Blog","headline":"Anna-Stoehr","description":"\nSie interessieren sich f\u00fcr Werbeartikel? Und die Artikel, die sich mit PR befassen und nicht mit PRD? M\u00f6chtest du auch eines davon? Dann wenden Sie sich vertrauensvoll an unsere Website.","url":"https:\/\/www.anna-stoehr.at","hasPart":[{"@type":"Article","@id":"https:\/\/www.anna-stoehr.at\/ist-eine-wohnung-oder-ein-haus-besser\/","headline":"Ist eine Wohnung oder ein Haus besser?","url":"https:\/\/www.anna-stoehr.at\/ist-eine-wohnung-oder-ein-haus-besser\/","datePublished":"2025-11-30","dateModified":"2025-11-30","mainEntityOfPage":"https:\/\/www.anna-stoehr.at\/ist-eine-wohnung-oder-ein-haus-besser\/","author":{"@type":"Person","@id":"https:\/\/www.anna-stoehr.at\/author\/#Person","name":"","url":"https:\/\/www.anna-stoehr.at\/author\/","identifier":1,"image":{"@type":"ImageObject","@id":"https:\/\/secure.gravatar.com\/avatar\/ed80251b84ed676fcd71ef963d220ceeed5d461f9c4be55eee40f0fa01d17ef9?s=96&d=mm&r=g","url":"https:\/\/secure.gravatar.com\/avatar\/ed80251b84ed676fcd71ef963d220ceeed5d461f9c4be55eee40f0fa01d17ef9?s=96&d=mm&r=g","height":96,"width":96}},"publisher":{"@type":"Organization","name":"anna-stoehr.at","logo":{"@type":"ImageObject","@id":"\/logo.png","url":"\/logo.png","width":600,"height":60}},"image":{"@type":"ImageObject","@id":"https:\/\/www.anna-stoehr.at\/wp-content\/uploads\/wall-416060_640_10_1.jpg","url":"https:\/\/www.anna-stoehr.at\/wp-content\/uploads\/wall-416060_640_10_1.jpg","height":0,"width":0},"wordCount":479,"keywords":null},{"@type":"Article","@id":"https:\/\/www.anna-stoehr.at\/rechtsberatung-fur-gemeinnutzige-vereine-in-wien-professionelle-unterstutzung-fur-eine-sichere-vereinsfuhrung\/","headline":"Rechtsberatung f\u00fcr gemeinn\u00fctzige Vereine in Wien \u2013 professionelle Unterst\u00fctzung f\u00fcr eine sichere Vereinsf\u00fchrung","url":"https:\/\/www.anna-stoehr.at\/rechtsberatung-fur-gemeinnutzige-vereine-in-wien-professionelle-unterstutzung-fur-eine-sichere-vereinsfuhrung\/","datePublished":"2025-11-13","dateModified":"2025-11-13","mainEntityOfPage":"https:\/\/www.anna-stoehr.at\/rechtsberatung-fur-gemeinnutzige-vereine-in-wien-professionelle-unterstutzung-fur-eine-sichere-vereinsfuhrung\/","author":{"@type":"Person","@id":"https:\/\/www.anna-stoehr.at\/author\/#Person","name":"","url":"https:\/\/www.anna-stoehr.at\/author\/","identifier":1,"image":{"@type":"ImageObject","@id":"https:\/\/secure.gravatar.com\/avatar\/ed80251b84ed676fcd71ef963d220ceeed5d461f9c4be55eee40f0fa01d17ef9?s=96&d=mm&r=g","url":"https:\/\/secure.gravatar.com\/avatar\/ed80251b84ed676fcd71ef963d220ceeed5d461f9c4be55eee40f0fa01d17ef9?s=96&d=mm&r=g","height":96,"width":96}},"publisher":{"@type":"Organization","name":"anna-stoehr.at","logo":{"@type":"ImageObject","@id":"\/logo.png","url":"\/logo.png","width":600,"height":60}},"image":null,"wordCount":874,"keywords":null},{"@type":"Article","@id":"https:\/\/www.anna-stoehr.at\/strafverteidiger-wien-schnelle-anwaltliche-hilfe-im-strafrecht\/","headline":"Strafverteidiger Wien \u2013 schnelle anwaltliche Hilfe im Strafrecht","url":"https:\/\/www.anna-stoehr.at\/strafverteidiger-wien-schnelle-anwaltliche-hilfe-im-strafrecht\/","datePublished":"2025-11-06","dateModified":"2025-11-06","mainEntityOfPage":"https:\/\/www.anna-stoehr.at\/strafverteidiger-wien-schnelle-anwaltliche-hilfe-im-strafrecht\/","author":{"@type":"Person","@id":"https:\/\/www.anna-stoehr.at\/author\/#Person","name":"","url":"https:\/\/www.anna-stoehr.at\/author\/","identifier":1,"image":{"@type":"ImageObject","@id":"https:\/\/secure.gravatar.com\/avatar\/ed80251b84ed676fcd71ef963d220ceeed5d461f9c4be55eee40f0fa01d17ef9?s=96&d=mm&r=g","url":"https:\/\/secure.gravatar.com\/avatar\/ed80251b84ed676fcd71ef963d220ceeed5d461f9c4be55eee40f0fa01d17ef9?s=96&d=mm&r=g","height":96,"width":96}},"publisher":{"@type":"Organization","name":"anna-stoehr.at","logo":{"@type":"ImageObject","@id":"\/logo.png","url":"\/logo.png","width":600,"height":60}},"image":{"@type":"ImageObject","@id":"https:\/\/www.anna-stoehr.at\/wp-content\/uploads\/rach_zibLI9.png","url":"https:\/\/www.anna-stoehr.at\/wp-content\/uploads\/rach_zibLI9.png","height":0,"width":0},"wordCount":902,"keywords":null},{"@type":"Article","@id":"https:\/\/www.anna-stoehr.at\/ausbildung-fur-yoga-und-fitness-in-osterreich-der-weg-zum-ganzheitlichen-trainer\/","headline":"Ausbildung f\u00fcr Yoga und Fitness in \u00d6sterreich: Der Weg zum ganzheitlichen Trainer","url":"https:\/\/www.anna-stoehr.at\/ausbildung-fur-yoga-und-fitness-in-osterreich-der-weg-zum-ganzheitlichen-trainer\/","datePublished":"2025-10-27","dateModified":"2025-10-27","mainEntityOfPage":"https:\/\/www.anna-stoehr.at\/ausbildung-fur-yoga-und-fitness-in-osterreich-der-weg-zum-ganzheitlichen-trainer\/","author":{"@type":"Person","@id":"https:\/\/www.anna-stoehr.at\/author\/#Person","name":"","url":"https:\/\/www.anna-stoehr.at\/author\/","identifier":1,"image":{"@type":"ImageObject","@id":"https:\/\/secure.gravatar.com\/avatar\/ed80251b84ed676fcd71ef963d220ceeed5d461f9c4be55eee40f0fa01d17ef9?s=96&d=mm&r=g","url":"https:\/\/secure.gravatar.com\/avatar\/ed80251b84ed676fcd71ef963d220ceeed5d461f9c4be55eee40f0fa01d17ef9?s=96&d=mm&r=g","height":96,"width":96}},"publisher":{"@type":"Organization","name":"anna-stoehr.at","logo":{"@type":"ImageObject","@id":"\/logo.png","url":"\/logo.png","width":600,"height":60}},"image":{"@type":"ImageObject","@id":"https:\/\/www.anna-stoehr.at\/wp-content\/uploads\/yoga5_nh86Pr.png","url":"https:\/\/www.anna-stoehr.at\/wp-content\/uploads\/yoga5_nh86Pr.png","height":0,"width":0},"wordCount":816,"keywords":null},{"@type":"Article","@id":"https:\/\/www.anna-stoehr.at\/massagekurse-in-wien-und-ganz-osterreich-ihr-weg-zur-erfolgreichen-ausbildung\/","headline":"Massagekurse in Wien und ganz \u00d6sterreich \u2013 Ihr Weg zur erfolgreichen Ausbildung","url":"https:\/\/www.anna-stoehr.at\/massagekurse-in-wien-und-ganz-osterreich-ihr-weg-zur-erfolgreichen-ausbildung\/","datePublished":"2025-10-15","dateModified":"2025-10-15","mainEntityOfPage":"https:\/\/www.anna-stoehr.at\/massagekurse-in-wien-und-ganz-osterreich-ihr-weg-zur-erfolgreichen-ausbildung\/","author":{"@type":"Person","@id":"https:\/\/www.anna-stoehr.at\/author\/#Person","name":"","url":"https:\/\/www.anna-stoehr.at\/author\/","identifier":1,"image":{"@type":"ImageObject","@id":"https:\/\/secure.gravatar.com\/avatar\/ed80251b84ed676fcd71ef963d220ceeed5d461f9c4be55eee40f0fa01d17ef9?s=96&d=mm&r=g","url":"https:\/\/secure.gravatar.com\/avatar\/ed80251b84ed676fcd71ef963d220ceeed5d461f9c4be55eee40f0fa01d17ef9?s=96&d=mm&r=g","height":96,"width":96}},"publisher":{"@type":"Organization","name":"anna-stoehr.at","logo":{"@type":"ImageObject","@id":"\/logo.png","url":"\/logo.png","width":600,"height":60}},"image":{"@type":"ImageObject","@id":"https:\/\/www.anna-stoehr.at\/wp-content\/uploads\/masage6_OsnNV9.png","url":"https:\/\/www.anna-stoehr.at\/wp-content\/uploads\/masage6_OsnNV9.png","height":0,"width":0},"wordCount":738,"keywords":null},{"@type":"Article","@id":"https:\/\/www.anna-stoehr.at\/professionelle-entrumpelung-in-wien-und-niederosterreich\/","headline":"Professionelle Entr\u00fcmpelung in Wien und Nieder\u00f6sterreich","url":"https:\/\/www.anna-stoehr.at\/professionelle-entrumpelung-in-wien-und-niederosterreich\/","datePublished":"2025-09-23","dateModified":"2025-09-23","mainEntityOfPage":"https:\/\/www.anna-stoehr.at\/professionelle-entrumpelung-in-wien-und-niederosterreich\/","author":{"@type":"Person","@id":"https:\/\/www.anna-stoehr.at\/author\/#Person","name":"","url":"https:\/\/www.anna-stoehr.at\/author\/","identifier":1,"image":{"@type":"ImageObject","@id":"https:\/\/secure.gravatar.com\/avatar\/ed80251b84ed676fcd71ef963d220ceeed5d461f9c4be55eee40f0fa01d17ef9?s=96&d=mm&r=g","url":"https:\/\/secure.gravatar.com\/avatar\/ed80251b84ed676fcd71ef963d220ceeed5d461f9c4be55eee40f0fa01d17ef9?s=96&d=mm&r=g","height":96,"width":96}},"publisher":{"@type":"Organization","name":"anna-stoehr.at","logo":{"@type":"ImageObject","@id":"\/logo.png","url":"\/logo.png","width":600,"height":60}},"image":{"@type":"ImageObject","@id":"https:\/\/www.anna-stoehr.at\/wp-content\/uploads\/kingmain_u83ecZ.jpg","url":"https:\/\/www.anna-stoehr.at\/wp-content\/uploads\/kingmain_u83ecZ.jpg","height":0,"width":0},"wordCount":506,"keywords":null},{"@type":"Article","@id":"https:\/\/www.anna-stoehr.at\/fitness-trainer-ausbildung-dein-start-als-personal-trainer\/","headline":"Fitness Trainer Ausbildung \u2013 Dein Start als Personal Trainer","url":"https:\/\/www.anna-stoehr.at\/fitness-trainer-ausbildung-dein-start-als-personal-trainer\/","datePublished":"2025-09-20","dateModified":"2025-09-20","mainEntityOfPage":"https:\/\/www.anna-stoehr.at\/fitness-trainer-ausbildung-dein-start-als-personal-trainer\/","author":{"@type":"Person","@id":"https:\/\/www.anna-stoehr.at\/author\/#Person","name":"","url":"https:\/\/www.anna-stoehr.at\/author\/","identifier":1,"image":{"@type":"ImageObject","@id":"https:\/\/secure.gravatar.com\/avatar\/ed80251b84ed676fcd71ef963d220ceeed5d461f9c4be55eee40f0fa01d17ef9?s=96&d=mm&r=g","url":"https:\/\/secure.gravatar.com\/avatar\/ed80251b84ed676fcd71ef963d220ceeed5d461f9c4be55eee40f0fa01d17ef9?s=96&d=mm&r=g","height":96,"width":96}},"publisher":{"@type":"Organization","name":"anna-stoehr.at","logo":{"@type":"ImageObject","@id":"\/logo.png","url":"\/logo.png","width":600,"height":60}},"image":{"@type":"ImageObject","@id":"https:\/\/www.anna-stoehr.at\/wp-content\/uploads\/fitnes4_Be9GtK.png","url":"https:\/\/www.anna-stoehr.at\/wp-content\/uploads\/fitnes4_Be9GtK.png","height":0,"width":0},"wordCount":500,"keywords":null},{"@type":"Article","@id":"https:\/\/www.anna-stoehr.at\/familienrecht-in-wien-kompetente-beratung-in-sensiblen-lebenssituationen\/","headline":"Familienrecht in Wien \u2013 kompetente Beratung in sensiblen Lebenssituationen","url":"https:\/\/www.anna-stoehr.at\/familienrecht-in-wien-kompetente-beratung-in-sensiblen-lebenssituationen\/","datePublished":"2025-09-17","dateModified":"2025-09-17","mainEntityOfPage":"https:\/\/www.anna-stoehr.at\/familienrecht-in-wien-kompetente-beratung-in-sensiblen-lebenssituationen\/","author":{"@type":"Person","@id":"https:\/\/www.anna-stoehr.at\/author\/#Person","name":"","url":"https:\/\/www.anna-stoehr.at\/author\/","identifier":1,"image":{"@type":"ImageObject","@id":"https:\/\/secure.gravatar.com\/avatar\/ed80251b84ed676fcd71ef963d220ceeed5d461f9c4be55eee40f0fa01d17ef9?s=96&d=mm&r=g","url":"https:\/\/secure.gravatar.com\/avatar\/ed80251b84ed676fcd71ef963d220ceeed5d461f9c4be55eee40f0fa01d17ef9?s=96&d=mm&r=g","height":96,"width":96}},"publisher":{"@type":"Organization","name":"anna-stoehr.at","logo":{"@type":"ImageObject","@id":"\/logo.png","url":"\/logo.png","width":600,"height":60}},"image":{"@type":"ImageObject","@id":"https:\/\/www.anna-stoehr.at\/wp-content\/uploads\/pravo5_PaYiBc.jpg","url":"https:\/\/www.anna-stoehr.at\/wp-content\/uploads\/pravo5_PaYiBc.jpg","height":0,"width":0},"wordCount":511,"keywords":null},{"@type":"Article","@id":"https:\/\/www.anna-stoehr.at\/selbstverteidigungskurs-survival-training-osterreich-ausbildungen-in-freizeitpadagogik-und-erlebnispadagogik\/","headline":"Selbstverteidigungskurs, Survival Training \u00d6sterreich &#038; Ausbildungen in Freizeitp\u00e4dagogik und Erlebnisp\u00e4dagogik","url":"https:\/\/www.anna-stoehr.at\/selbstverteidigungskurs-survival-training-osterreich-ausbildungen-in-freizeitpadagogik-und-erlebnispadagogik\/","datePublished":"2025-09-10","dateModified":"2025-09-10","mainEntityOfPage":"https:\/\/www.anna-stoehr.at\/selbstverteidigungskurs-survival-training-osterreich-ausbildungen-in-freizeitpadagogik-und-erlebnispadagogik\/","author":{"@type":"Person","@id":"https:\/\/www.anna-stoehr.at\/author\/#Person","name":"","url":"https:\/\/www.anna-stoehr.at\/author\/","identifier":1,"image":{"@type":"ImageObject","@id":"https:\/\/secure.gravatar.com\/avatar\/ed80251b84ed676fcd71ef963d220ceeed5d461f9c4be55eee40f0fa01d17ef9?s=96&d=mm&r=g","url":"https:\/\/secure.gravatar.com\/avatar\/ed80251b84ed676fcd71ef963d220ceeed5d461f9c4be55eee40f0fa01d17ef9?s=96&d=mm&r=g","height":96,"width":96}},"publisher":{"@type":"Organization","name":"anna-stoehr.at","logo":{"@type":"ImageObject","@id":"\/logo.png","url":"\/logo.png","width":600,"height":60}},"image":{"@type":"ImageObject","@id":"https:\/\/www.anna-stoehr.at\/wp-content\/uploads\/krav3_8yXr9P.jpg","url":"https:\/\/www.anna-stoehr.at\/wp-content\/uploads\/krav3_8yXr9P.jpg","height":0,"width":0},"wordCount":578,"keywords":null},{"@type":"Article","@id":"https:\/\/www.anna-stoehr.at\/exklusive-aktfotos-boudoirfotos-und-erotikfotos-im-fotostudio-graz-mit-individueller-beratung\/","headline":"Exklusive Aktfotos, Boudoirfotos und Erotikfotos im Fotostudio Graz mit individueller Beratung","url":"https:\/\/www.anna-stoehr.at\/exklusive-aktfotos-boudoirfotos-und-erotikfotos-im-fotostudio-graz-mit-individueller-beratung\/","datePublished":"2025-09-07","dateModified":"2025-09-07","mainEntityOfPage":"https:\/\/www.anna-stoehr.at\/exklusive-aktfotos-boudoirfotos-und-erotikfotos-im-fotostudio-graz-mit-individueller-beratung\/","author":{"@type":"Person","@id":"https:\/\/www.anna-stoehr.at\/author\/#Person","name":"","url":"https:\/\/www.anna-stoehr.at\/author\/","identifier":1,"image":{"@type":"ImageObject","@id":"https:\/\/secure.gravatar.com\/avatar\/ed80251b84ed676fcd71ef963d220ceeed5d461f9c4be55eee40f0fa01d17ef9?s=96&d=mm&r=g","url":"https:\/\/secure.gravatar.com\/avatar\/ed80251b84ed676fcd71ef963d220ceeed5d461f9c4be55eee40f0fa01d17ef9?s=96&d=mm&r=g","height":96,"width":96}},"publisher":{"@type":"Organization","name":"anna-stoehr.at","logo":{"@type":"ImageObject","@id":"\/logo.png","url":"\/logo.png","width":600,"height":60}},"image":{"@type":"ImageObject","@id":"https:\/\/www.anna-stoehr.at\/wp-content\/uploads\/aktfoto_kuzt8o.png","url":"https:\/\/www.anna-stoehr.at\/wp-content\/uploads\/aktfoto_kuzt8o.png","height":0,"width":0},"wordCount":686,"keywords":null}]},{"@context":"https:\/\/schema.org","@type":"WebSite","@id":"https:\/\/www.anna-stoehr.at\/#website","name":"Anna-Stoehr","url":"https:\/\/www.anna-stoehr.at","potentialAction":{"@type":"SearchAction","target":"https:\/\/www.anna-stoehr.at\/?s={search_term_string}","query-input":"required name=search_term_string"}}]