[{"@context":"https:\/\/schema.org\/","@type":"Blog","@id":"https:\/\/www.anna-stoehr.at#Blog","headline":"Anna-Stoehr","description":"\nSie interessieren sich f\u00fcr Werbeartikel? Und die Artikel, die sich mit PR befassen und nicht mit PRD? M\u00f6chtest du auch eines davon? Dann wenden Sie sich vertrauensvoll an unsere Website.","url":"https:\/\/www.anna-stoehr.at","hasPart":[{"@type":"Article","@id":"https:\/\/www.anna-stoehr.at\/messie-entrumpelung-mit-feingefuhl-und-diskretion\/","headline":"Messie-Entr\u00fcmpelung mit Feingef\u00fchl und Diskretion","url":"https:\/\/www.anna-stoehr.at\/messie-entrumpelung-mit-feingefuhl-und-diskretion\/","datePublished":"2025-08-13","dateModified":"2025-08-13","mainEntityOfPage":"https:\/\/www.anna-stoehr.at\/messie-entrumpelung-mit-feingefuhl-und-diskretion\/","author":{"@type":"Person","@id":"https:\/\/www.anna-stoehr.at\/author\/#Person","name":"","url":"https:\/\/www.anna-stoehr.at\/author\/","identifier":1,"image":{"@type":"ImageObject","@id":"https:\/\/secure.gravatar.com\/avatar\/ed80251b84ed676fcd71ef963d220ceeed5d461f9c4be55eee40f0fa01d17ef9?s=96&d=mm&r=g","url":"https:\/\/secure.gravatar.com\/avatar\/ed80251b84ed676fcd71ef963d220ceeed5d461f9c4be55eee40f0fa01d17ef9?s=96&d=mm&r=g","height":96,"width":96}},"publisher":{"@type":"Organization","name":"anna-stoehr.at","logo":{"@type":"ImageObject","@id":"\/logo.png","url":"\/logo.png","width":600,"height":60}},"image":null,"wordCount":533,"keywords":null},{"@type":"Article","@id":"https:\/\/www.anna-stoehr.at\/wo-ein-wille-ist-ist-auch-ein-weg\/","headline":"Wo ein Wille ist, ist auch ein Weg","url":"https:\/\/www.anna-stoehr.at\/wo-ein-wille-ist-ist-auch-ein-weg\/","datePublished":"2025-08-07","dateModified":"2025-08-07","mainEntityOfPage":"https:\/\/www.anna-stoehr.at\/wo-ein-wille-ist-ist-auch-ein-weg\/","author":{"@type":"Person","@id":"https:\/\/www.anna-stoehr.at\/author\/#Person","name":"","url":"https:\/\/www.anna-stoehr.at\/author\/","identifier":1,"image":{"@type":"ImageObject","@id":"https:\/\/secure.gravatar.com\/avatar\/ed80251b84ed676fcd71ef963d220ceeed5d461f9c4be55eee40f0fa01d17ef9?s=96&d=mm&r=g","url":"https:\/\/secure.gravatar.com\/avatar\/ed80251b84ed676fcd71ef963d220ceeed5d461f9c4be55eee40f0fa01d17ef9?s=96&d=mm&r=g","height":96,"width":96}},"publisher":{"@type":"Organization","name":"anna-stoehr.at","logo":{"@type":"ImageObject","@id":"\/logo.png","url":"\/logo.png","width":600,"height":60}},"image":{"@type":"ImageObject","@id":"https:\/\/www.anna-stoehr.at\/wp-content\/uploads\/img_a321793_w1787_t1533030415.jpg_1..jpg","url":"https:\/\/www.anna-stoehr.at\/wp-content\/uploads\/img_a321793_w1787_t1533030415.jpg_1..jpg","height":0,"width":0},"wordCount":475,"keywords":null},{"@type":"Article","@id":"https:\/\/www.anna-stoehr.at\/oldtimer-kaufen-tipps-fur-einsteiger-und-sammler\/","headline":"Oldtimer kaufen: Tipps f\u00fcr Einsteiger und Sammler","url":"https:\/\/www.anna-stoehr.at\/oldtimer-kaufen-tipps-fur-einsteiger-und-sammler\/","datePublished":"2025-08-01","dateModified":"2025-08-01","mainEntityOfPage":"https:\/\/www.anna-stoehr.at\/oldtimer-kaufen-tipps-fur-einsteiger-und-sammler\/","author":{"@type":"Person","@id":"https:\/\/www.anna-stoehr.at\/author\/#Person","name":"","url":"https:\/\/www.anna-stoehr.at\/author\/","identifier":1,"image":{"@type":"ImageObject","@id":"https:\/\/secure.gravatar.com\/avatar\/ed80251b84ed676fcd71ef963d220ceeed5d461f9c4be55eee40f0fa01d17ef9?s=96&d=mm&r=g","url":"https:\/\/secure.gravatar.com\/avatar\/ed80251b84ed676fcd71ef963d220ceeed5d461f9c4be55eee40f0fa01d17ef9?s=96&d=mm&r=g","height":96,"width":96}},"publisher":{"@type":"Organization","name":"anna-stoehr.at","logo":{"@type":"ImageObject","@id":"\/logo.png","url":"\/logo.png","width":600,"height":60}},"image":{"@type":"ImageObject","@id":"https:\/\/www.anna-stoehr.at\/wp-content\/uploads\/ChatGPT_Image_17._8._2025_16_05_40_YLWNdH.png","url":"https:\/\/www.anna-stoehr.at\/wp-content\/uploads\/ChatGPT_Image_17._8._2025_16_05_40_YLWNdH.png","height":0,"width":0},"wordCount":878,"keywords":null},{"@type":"Article","@id":"https:\/\/www.anna-stoehr.at\/yogalehrer-ausbildung-der-schlussel-zu-ganzheitlichem-wohlbefinden\/","headline":"Yogalehrer-Ausbildung: Der Schl\u00fcssel zu ganzheitlichem Wohlbefinden","url":"https:\/\/www.anna-stoehr.at\/yogalehrer-ausbildung-der-schlussel-zu-ganzheitlichem-wohlbefinden\/","datePublished":"2025-07-06","dateModified":"2025-07-06","mainEntityOfPage":"https:\/\/www.anna-stoehr.at\/yogalehrer-ausbildung-der-schlussel-zu-ganzheitlichem-wohlbefinden\/","author":{"@type":"Person","@id":"https:\/\/www.anna-stoehr.at\/author\/#Person","name":"","url":"https:\/\/www.anna-stoehr.at\/author\/","identifier":1,"image":{"@type":"ImageObject","@id":"https:\/\/secure.gravatar.com\/avatar\/ed80251b84ed676fcd71ef963d220ceeed5d461f9c4be55eee40f0fa01d17ef9?s=96&d=mm&r=g","url":"https:\/\/secure.gravatar.com\/avatar\/ed80251b84ed676fcd71ef963d220ceeed5d461f9c4be55eee40f0fa01d17ef9?s=96&d=mm&r=g","height":96,"width":96}},"publisher":{"@type":"Organization","name":"anna-stoehr.at","logo":{"@type":"ImageObject","@id":"\/logo.png","url":"\/logo.png","width":600,"height":60}},"image":{"@type":"ImageObject","@id":"https:\/\/www.anna-stoehr.at\/wp-content\/uploads\/yoga2_SpjG0o.jpg","url":"https:\/\/www.anna-stoehr.at\/wp-content\/uploads\/yoga2_SpjG0o.jpg","height":0,"width":0},"wordCount":1234,"keywords":null},{"@type":"Article","@id":"https:\/\/www.anna-stoehr.at\/mentales-training-schlussel-zu-mehr-leistungsfahigkeit-und-lebensqualitat\/","headline":"Mentales Training: Schl\u00fcssel zu mehr Leistungsf\u00e4higkeit und Lebensqualit\u00e4t","url":"https:\/\/www.anna-stoehr.at\/mentales-training-schlussel-zu-mehr-leistungsfahigkeit-und-lebensqualitat\/","datePublished":"2025-07-03","dateModified":"2025-07-03","mainEntityOfPage":"https:\/\/www.anna-stoehr.at\/mentales-training-schlussel-zu-mehr-leistungsfahigkeit-und-lebensqualitat\/","author":{"@type":"Person","@id":"https:\/\/www.anna-stoehr.at\/author\/#Person","name":"","url":"https:\/\/www.anna-stoehr.at\/author\/","identifier":1,"image":{"@type":"ImageObject","@id":"https:\/\/secure.gravatar.com\/avatar\/ed80251b84ed676fcd71ef963d220ceeed5d461f9c4be55eee40f0fa01d17ef9?s=96&d=mm&r=g","url":"https:\/\/secure.gravatar.com\/avatar\/ed80251b84ed676fcd71ef963d220ceeed5d461f9c4be55eee40f0fa01d17ef9?s=96&d=mm&r=g","height":96,"width":96}},"publisher":{"@type":"Organization","name":"anna-stoehr.at","logo":{"@type":"ImageObject","@id":"\/logo.png","url":"\/logo.png","width":600,"height":60}},"image":{"@type":"ImageObject","@id":"https:\/\/www.anna-stoehr.at\/wp-content\/uploads\/mental2_FchAD7.png","url":"https:\/\/www.anna-stoehr.at\/wp-content\/uploads\/mental2_FchAD7.png","height":0,"width":0},"wordCount":1229,"keywords":null},{"@type":"Article","@id":"https:\/\/www.anna-stoehr.at\/fitnesstrainer-und-personal-trainer-ausbildung-dein-weg-zur-professionellen-coaching-karriere\/","headline":"Fitnesstrainer- und Personal Trainer-Ausbildung: Dein Weg zur professionellen Coaching-Karriere","url":"https:\/\/www.anna-stoehr.at\/fitnesstrainer-und-personal-trainer-ausbildung-dein-weg-zur-professionellen-coaching-karriere\/","datePublished":"2025-06-13","dateModified":"2025-06-13","mainEntityOfPage":"https:\/\/www.anna-stoehr.at\/fitnesstrainer-und-personal-trainer-ausbildung-dein-weg-zur-professionellen-coaching-karriere\/","author":{"@type":"Person","@id":"https:\/\/www.anna-stoehr.at\/author\/#Person","name":"","url":"https:\/\/www.anna-stoehr.at\/author\/","identifier":1,"image":{"@type":"ImageObject","@id":"https:\/\/secure.gravatar.com\/avatar\/ed80251b84ed676fcd71ef963d220ceeed5d461f9c4be55eee40f0fa01d17ef9?s=96&d=mm&r=g","url":"https:\/\/secure.gravatar.com\/avatar\/ed80251b84ed676fcd71ef963d220ceeed5d461f9c4be55eee40f0fa01d17ef9?s=96&d=mm&r=g","height":96,"width":96}},"publisher":{"@type":"Organization","name":"anna-stoehr.at","logo":{"@type":"ImageObject","@id":"\/logo.png","url":"\/logo.png","width":600,"height":60}},"image":{"@type":"ImageObject","@id":"https:\/\/www.anna-stoehr.at\/wp-content\/uploads\/trener2_CSWB8G.jpg","url":"https:\/\/www.anna-stoehr.at\/wp-content\/uploads\/trener2_CSWB8G.jpg","height":0,"width":0},"wordCount":1538,"keywords":null},{"@type":"Article","@id":"https:\/\/www.anna-stoehr.at\/dichtungen-im-vergleich-material-epdm-viton-und-nbr-dichtungen\/","headline":"Dichtungen im Vergleich: Material-, EPDM-, Viton- und NBR-Dichtungen","url":"https:\/\/www.anna-stoehr.at\/dichtungen-im-vergleich-material-epdm-viton-und-nbr-dichtungen\/","datePublished":"2025-06-05","dateModified":"2025-06-05","mainEntityOfPage":"https:\/\/www.anna-stoehr.at\/dichtungen-im-vergleich-material-epdm-viton-und-nbr-dichtungen\/","author":{"@type":"Person","@id":"https:\/\/www.anna-stoehr.at\/author\/#Person","name":"","url":"https:\/\/www.anna-stoehr.at\/author\/","identifier":1,"image":{"@type":"ImageObject","@id":"https:\/\/secure.gravatar.com\/avatar\/ed80251b84ed676fcd71ef963d220ceeed5d461f9c4be55eee40f0fa01d17ef9?s=96&d=mm&r=g","url":"https:\/\/secure.gravatar.com\/avatar\/ed80251b84ed676fcd71ef963d220ceeed5d461f9c4be55eee40f0fa01d17ef9?s=96&d=mm&r=g","height":96,"width":96}},"publisher":{"@type":"Organization","name":"anna-stoehr.at","logo":{"@type":"ImageObject","@id":"\/logo.png","url":"\/logo.png","width":600,"height":60}},"image":{"@type":"ImageObject","@id":"https:\/\/www.anna-stoehr.at\/wp-content\/uploads\/tesneni_AadlNx.jpg","url":"https:\/\/www.anna-stoehr.at\/wp-content\/uploads\/tesneni_AadlNx.jpg","height":0,"width":0},"wordCount":1708,"keywords":null},{"@type":"Article","@id":"https:\/\/www.anna-stoehr.at\/8-grunde-warum-jeder-haushalt-eine-sofatasche-haben\/","headline":"8 Gr\u00fcnde, warum jeder Haushalt eine Sofatasche haben","url":"https:\/\/www.anna-stoehr.at\/8-grunde-warum-jeder-haushalt-eine-sofatasche-haben\/","datePublished":"2025-05-23","dateModified":"2025-05-23","mainEntityOfPage":"https:\/\/www.anna-stoehr.at\/8-grunde-warum-jeder-haushalt-eine-sofatasche-haben\/","author":{"@type":"Person","@id":"https:\/\/www.anna-stoehr.at\/author\/#Person","name":"","url":"https:\/\/www.anna-stoehr.at\/author\/","identifier":1,"image":{"@type":"ImageObject","@id":"https:\/\/secure.gravatar.com\/avatar\/ed80251b84ed676fcd71ef963d220ceeed5d461f9c4be55eee40f0fa01d17ef9?s=96&d=mm&r=g","url":"https:\/\/secure.gravatar.com\/avatar\/ed80251b84ed676fcd71ef963d220ceeed5d461f9c4be55eee40f0fa01d17ef9?s=96&d=mm&r=g","height":96,"width":96}},"publisher":{"@type":"Organization","name":"anna-stoehr.at","logo":{"@type":"ImageObject","@id":"\/logo.png","url":"\/logo.png","width":600,"height":60}},"image":{"@type":"ImageObject","@id":"https:\/\/www.anna-stoehr.at\/wp-content\/uploads\/img_a354769_w3806_t1569333211.png_1..png","url":"https:\/\/www.anna-stoehr.at\/wp-content\/uploads\/img_a354769_w3806_t1569333211.png_1..png","height":0,"width":0},"wordCount":523,"keywords":null},{"@type":"Article","@id":"https:\/\/www.anna-stoehr.at\/echte-instagram-follower-kaufen-qualitat-statt-quantitat\/","headline":"Echte Instagram Follower kaufen: Qualit\u00e4t statt Quantit\u00e4t","url":"https:\/\/www.anna-stoehr.at\/echte-instagram-follower-kaufen-qualitat-statt-quantitat\/","datePublished":"2025-05-14","dateModified":"2025-05-14","mainEntityOfPage":"https:\/\/www.anna-stoehr.at\/echte-instagram-follower-kaufen-qualitat-statt-quantitat\/","author":{"@type":"Person","@id":"https:\/\/www.anna-stoehr.at\/author\/#Person","name":"","url":"https:\/\/www.anna-stoehr.at\/author\/","identifier":1,"image":{"@type":"ImageObject","@id":"https:\/\/secure.gravatar.com\/avatar\/ed80251b84ed676fcd71ef963d220ceeed5d461f9c4be55eee40f0fa01d17ef9?s=96&d=mm&r=g","url":"https:\/\/secure.gravatar.com\/avatar\/ed80251b84ed676fcd71ef963d220ceeed5d461f9c4be55eee40f0fa01d17ef9?s=96&d=mm&r=g","height":96,"width":96}},"publisher":{"@type":"Organization","name":"anna-stoehr.at","logo":{"@type":"ImageObject","@id":"\/logo.png","url":"\/logo.png","width":600,"height":60}},"image":{"@type":"ImageObject","@id":"https:\/\/www.anna-stoehr.at\/wp-content\/uploads\/ChatGPT_Image_5._6._2025_09_59_31_jEpOxF.png","url":"https:\/\/www.anna-stoehr.at\/wp-content\/uploads\/ChatGPT_Image_5._6._2025_09_59_31_jEpOxF.png","height":0,"width":0},"wordCount":552,"keywords":null},{"@type":"Article","@id":"https:\/\/www.anna-stoehr.at\/instagram-follower-kaufen-der-ultimative-leitfaden-fur-mehr-reichweite-und-sichtbarkeit\/","headline":"Instagram Follower kaufen \u2013 Der ultimative Leitfaden f\u00fcr mehr Reichweite und Sichtbarkeit","url":"https:\/\/www.anna-stoehr.at\/instagram-follower-kaufen-der-ultimative-leitfaden-fur-mehr-reichweite-und-sichtbarkeit\/","datePublished":"2025-05-12","dateModified":"2025-05-12","mainEntityOfPage":"https:\/\/www.anna-stoehr.at\/instagram-follower-kaufen-der-ultimative-leitfaden-fur-mehr-reichweite-und-sichtbarkeit\/","author":{"@type":"Person","@id":"https:\/\/www.anna-stoehr.at\/author\/#Person","name":"","url":"https:\/\/www.anna-stoehr.at\/author\/","identifier":1,"image":{"@type":"ImageObject","@id":"https:\/\/secure.gravatar.com\/avatar\/ed80251b84ed676fcd71ef963d220ceeed5d461f9c4be55eee40f0fa01d17ef9?s=96&d=mm&r=g","url":"https:\/\/secure.gravatar.com\/avatar\/ed80251b84ed676fcd71ef963d220ceeed5d461f9c4be55eee40f0fa01d17ef9?s=96&d=mm&r=g","height":96,"width":96}},"publisher":{"@type":"Organization","name":"anna-stoehr.at","logo":{"@type":"ImageObject","@id":"\/logo.png","url":"\/logo.png","width":600,"height":60}},"image":null,"wordCount":815,"keywords":null}]},{"@context":"https:\/\/schema.org","@type":"WebSite","@id":"https:\/\/www.anna-stoehr.at\/#website","name":"Anna-Stoehr","url":"https:\/\/www.anna-stoehr.at","potentialAction":{"@type":"SearchAction","target":"https:\/\/www.anna-stoehr.at\/?s={search_term_string}","query-input":"required name=search_term_string"}}]