[{"@context":"https:\/\/schema.org\/","@type":"Article","@id":"https:\/\/www.anna-stoehr.at\/schlechte-beziehungen-zum-vater\/#Article","mainEntityOfPage":"https:\/\/www.anna-stoehr.at\/schlechte-beziehungen-zum-vater\/","headline":"Schlechte Beziehungen zum Vater","name":"Schlechte Beziehungen zum Vater","description":"Wirklich gute und professionelle Beziehungen zu pflegen, kann einem manchmal ganz sch\u00f6n zu schaffen machen. Ich mag es zum Beispiel nicht, wenn Beziehungen angespannt sind, denn&#46;&#46;&#46;","datePublished":"2024-12-06","dateModified":"2024-12-06","author":{"@type":"Person","@id":"https:\/\/www.anna-stoehr.at\/author\/#Person","name":"","url":"https:\/\/www.anna-stoehr.at\/author\/","identifier":1,"image":{"@type":"ImageObject","@id":"https:\/\/secure.gravatar.com\/avatar\/ed80251b84ed676fcd71ef963d220ceeed5d461f9c4be55eee40f0fa01d17ef9?s=96&d=mm&r=g","url":"https:\/\/secure.gravatar.com\/avatar\/ed80251b84ed676fcd71ef963d220ceeed5d461f9c4be55eee40f0fa01d17ef9?s=96&d=mm&r=g","height":96,"width":96}},"publisher":{"@type":"Organization","name":"anna-stoehr.at","logo":{"@type":"ImageObject","@id":"\/logo.png","url":"\/logo.png","width":600,"height":60}},"image":{"@type":"ImageObject","@id":"https:\/\/www.anna-stoehr.at\/wp-content\/uploads\/couple-5693164_1280_3.jpg_2..jpg","url":"https:\/\/www.anna-stoehr.at\/wp-content\/uploads\/couple-5693164_1280_3.jpg_2..jpg","height":0,"width":0},"url":"https:\/\/www.anna-stoehr.at\/schlechte-beziehungen-zum-vater\/","about":["Beziehungsschiffe"],"wordCount":389,"articleBody":"Wirklich gute und professionelle Beziehungen zu pflegen, kann einem manchmal ganz sch\u00f6n zu schaffen machen. Ich mag es zum Beispiel nicht, wenn Beziehungen angespannt sind, denn wenn man angespannte Beziehungen hat, kann man auch gestresst sein. Und das ist nicht wirklich gut f\u00fcr unseren K\u00f6rper. Stress ist nicht gesund f\u00fcr unseren K\u00f6rper. Nat\u00fcrlich f\u00fchlt sich jeder ohne Stress besser. Und wenn man vielleicht angespannte Beziehungen in der Familie, auf der Arbeit oder im Freundeskreis hat, dann f\u00fchlt man sich nat\u00fcrlich nicht gut. Ich erinnere mich an eine Zeit, in der ich wirklich schlechte Beziehungen zu meinem Vater hatte.Einmal hatten wir an Silvester einen Streit, weil er allein war. Ich bot meinem Vater an, mit meinen Freunden und meinem Partner f\u00fcr eine Stunde zu ihm zu kommen, damit er in der Silvesternacht und am Neujahrstag nicht allein ist. Mein Vater sagte, er w\u00fcrde sich sehr freuen, wenn er nicht allein w\u00e4re und wir k\u00e4men, also nahm ich ein paar Freunde und meinen Partner mit und wir gingen. Mein Vater war sehr gl\u00fccklich. Und wirklich, nach einer Stunde sind wir gegangen, nur mein Handy habe ich dort gelassen. Als ich danach zu meinem Vater zur\u00fcckkehrte, schimpfte er mich aus und sagte, dass sein Haus ein Chaos sei und ich Fremde dorthin geschleppt h\u00e4tte. Ich denke, das ist eine wirklich schlimme Aussage. Ich verstehe \u00fcberhaupt nicht, warum mein Vater mich so beschimpft hat, wo er doch derjenige war, der mir angeboten hat, dorthin zu gehen, nicht nur ich, sondern auch meine Freunde und mein Partner. Sp\u00e4ter erfuhr ich, dass mein Partner kein gutes Verh\u00e4ltnis zu meinem Vater hatte. Die beiden haben sich immer gestritten, ich wusste nicht einmal, dass sie sich vorher kannten, sie kannten sich von fr\u00fcher, als sie zusammen zur Arbeit gingen, weil mein Partner \u00e4lter war, also kam es mir eigentlich gar nicht in den Sinn, dass die beiden sich auch kennen k\u00f6nnten. Nat\u00fcrlich tat es mir leid, aber mein Partner wollte mir nicht sagen, dass er und mein Vater ein wirklich schlechtes Verh\u00e4ltnis hatten. Ich glaube also, dass mein Vater sich dar\u00fcber aufgeregt hat, dass er gerade meinen Partner in seinem Haus gesehen hat, zu dem er kein gutes Verh\u00e4ltnis hat.                                                                                                                                                                                                                                                                                                                                                                                         4\/5 - (9 votes)        "},{"@context":"https:\/\/schema.org\/","@type":"BreadcrumbList","itemListElement":[{"@type":"ListItem","position":1,"name":"Schlechte Beziehungen zum Vater","item":"https:\/\/www.anna-stoehr.at\/schlechte-beziehungen-zum-vater\/#breadcrumbitem"}]}]